{"id":535539,"date":"2025-11-15T08:02:21","date_gmt":"2025-11-15T08:02:21","guid":{"rendered":"https:\/\/www.europesays.com\/fr\/535539\/"},"modified":"2025-11-15T08:02:21","modified_gmt":"2025-11-15T08:02:21","slug":"dans-le-ventre-du-journal","status":"publish","type":"post","link":"https:\/\/www.europesays.com\/fr\/535539\/","title":{"rendered":"dans le ventre du journal"},"content":{"rendered":"<p class=\"fs-5 \">La date du 24 juillet 1952 ne figure dans aucun livre d\u2019histoire. Pourtant, elle le m\u00e9riterait. Non pas en raison de l\u2019adoption par les d\u00e9put\u00e9s du premier plan quinquennal nucl\u00e9aire fran\u00e7ais, mais parce que c\u2019est ce jour-l\u00e0 que Nice-Matin d\u00e9m\u00e9nage dans les locaux autrefois occup\u00e9s par L\u2019\u00c9claireur de Nice, au 27 avenue de la Victoire [actuelle avenue Jean-M\u00e9decin, Ndlr].<\/p>\n<p class=\"fs-5 \">L\u2019\u00e9quipe du journal maralpin, qui \u00ab\u00a0tire\u00a0\u00bb alors 100.000 exemplaires quotidiens, est ravie de quitter les bureaux du 35 rue Pastorelli, devenus trop petits. D\u00e9sormais, c\u2019est une v\u00e9ritable ruche qui s\u2019agite sous les pieds des journalistes\u00a0: trois cents techniciens (linotypistes, typographes, correcteurs, photograveurs, clicheurs, rotativistes\u2026) sont n\u00e9cessaires pour assurer la composition, la mise en page et l\u2019impression des journaux.<\/p>\n<p>            <img src=\"https:\/\/www.europesays.com\/fr\/wp-content\/uploads\/2025\/11\/28dd38a_upload-from-url-1-kqq70fuuywvp-image-si-c3-a8ge-nm-jean-m-c3-a9decin-qxnp79er.jpg\"   loading=\"lazy\" decoding=\"async\" alt=\"En 1951, la diffusion de &quot;Nice-Matin&quot; approche 92\u2005000 exemplaires. En 1964, elle d\u00e9passe 196\u2005000 sur une zone de diffusion \u00e9largie \u00e0 Monaco, au Var, \u00e0 la Corse et aux &quot;Basses-Alpes&quot;. \" class=\"img-fluid position-absolute w-100 object-fit-cover rounded-2\" width=\"600\" height=\"400\"\/><\/p>\n<p class=\"fs-5 \">\u00ab\u00a0Des 45 linotypes de Nice-Matin L\u2019Espoir, il sort chaque jour 65\u2005000 lignes, plastronne un cadre interrog\u00e9 \u00e0 l\u2019occasion du 25e anniversaire du journal. Certaines d\u2019entre elles \u2013 les \u2018\u2018Comet\u2019\u2019 \u2013 ne sont plus actionn\u00e9es par des hommes, mais par des bandes perfor\u00e9es. Chacune peut composer autant de texte que trois machines classiques.\u2005\u00a0\u00bb<\/p>\n<p class=\"fs-5 \">Les caract\u00e8res ou images \u00e0 imprimer sont compos\u00e9s en relief sur une forme sp\u00e9cifique. Pour cela, quatre \u00e0 cinq tonnes de plomb en fusion sont coul\u00e9es chaque soir dans les matrices. L\u2019encre est ensuite appliqu\u00e9e sur ces reliefs, puis la forme est press\u00e9e sur les rotatives Marinoni.<\/p>\n<p>                                                                                \u00ab\u00a0Une r\u00e9volution\u00a0\u00bb<\/p>\n<p class=\"fs-5 \">En 1969, alors que 300.000 exemplaires sortent tous les matins du hall des exp\u00e9ditions, Nice-Matin se vante de \u00ab\u00a0consommer une quantit\u00e9 d\u2019\u00e9lectricit\u00e9 \u00e9quivalente \u00e0 celle qui est n\u00e9cessaire pour l\u2019\u00e9clairage public d\u2019une ville comme Antibes-Juan-les-Pins\u00a0\u00bb. La sobri\u00e9t\u00e9 \u00e9nerg\u00e9tique et la prise en compte des consid\u00e9rations \u00e9cologiques, ce sera pour plus tard\u2026<\/p>\n<p>            <img src=\"https:\/\/www.europesays.com\/fr\/wp-content\/uploads\/2025\/11\/948dea1_upload-from-url-1-narbh6mdnowh-coop-c3-a9-201-8qwsmfcz.jpg\"   loading=\"lazy\" decoding=\"async\" alt=\"En 1954, la coop\u00e9rative per\u00e7oit 35\u2005770\u2005000 anciens francs et distribue en moyenne 145\u2005000 anciens francs \u00e0 chaque collaborateur, l\u2019\u00e9quivalent de deux mois de traitement. \" class=\"img-fluid position-absolute w-100 object-fit-cover rounded-2\" width=\"600\" height=\"400\"\/><\/p>\n<p class=\"fs-5 \">D\u00e8s le d\u00e9but de la d\u00e9cennie suivante, le p.-d.g. Michel Bavastro pressent que ces installations vont \u00eatre frapp\u00e9es d\u2019obsolescence. Il acquiert un terrain de 25\u2005000 m2 \u00e0 l\u2019ouest de Nice, route de Grenoble, et y fait construire, sur trois niveaux, 30\u2005000 m2 de locaux con\u00e7us pour accueillir trois rotatives Colorman et des myriades d\u2019ordinateurs.<\/p>\n<p class=\"fs-5 \">\u00ab\u00a0C\u2019\u00e9tait une v\u00e9ritable r\u00e9volution, t\u00e9moigne Christian Donati, ancien directeur industriel. On rempla\u00e7ait la composition au plomb, dont le principe n\u2019avait pas chang\u00e9 depuis Gutenberg, par la photocomposition qui r\u00e9alisait une sorte de miracle\u00a0: transformer des impulsions \u00e9lectriques en images de caract\u00e8res par le myst\u00e8re de l\u2019informatique\u00a0!\u2005\u00a0\u00bb<\/p>\n<p>            <img src=\"https:\/\/www.europesays.com\/fr\/wp-content\/uploads\/2025\/11\/b289267_upload-from-url-1-mjafkla5qmuy-christian-donati-4-quhtfvpq.jpg\"   loading=\"lazy\" decoding=\"async\" alt=\"Typographe &quot;par accident&quot;, peu dou\u00e9 pour les \u00e9tudes mais visionnaire, Christian Donati a fait entrer &quot;son&quot; journal dans le XXIe si\u00e8cle.  \" class=\"img-fluid position-absolute w-100 object-fit-cover rounded-2\" width=\"600\" height=\"400\"\/><\/p>\n<p class=\"fs-5 \">Les linotypistes deviennent des \u00ab\u00a0clavistes\u00a0\u00bb. Ils exercent leur nouveau m\u00e9tier dans l\u2019ambiance feutr\u00e9e, climatis\u00e9e, toujours propre d\u2019une pi\u00e8ce claire et silencieuse. \u00ab\u00a0Plus proche d\u2019un bureau que d\u2019un atelier\u00a0\u00bb, souligne Christian Donati.<\/p>\n<p>        <img decoding=\"async\" src=\"https:\/\/www.europesays.com\/fr\/wp-content\/uploads\/2025\/11\/ARTBLOCKVIEW-10656059-1128-752-9825e22_upload-1-3bmnzu9idxli-technique-3-large.jpg\" class=\"figure-img img-fluid rounded\" alt=\"En 1994, une partie des employ\u00e9s des services techniques posent pour une \u00ab photo de famille \u00bb. \"\/><\/p>\n<p>            En 1994, une partie des employ\u00e9s des services techniques posent pour une \u00ab photo de famille \u00bb.  <br \/>Archives Nice-Matin<\/p>\n<p class=\"fs-5 \">Au tournant des ann\u00e9es quatre-vingt, les ordinateurs grimpent dans les \u00e9tages pour atteindre les journalistes. Le 12 ao\u00fbt 1986, Michel Bavastro signe avec la maison Atex (1) pour le d\u00e9ploiement de 154 \u00ab\u00a0terminaux\u00a0\u00bb, d\u2019abord dans les agences du Var, aux Informations g\u00e9n\u00e9rales et aux Sports, puis dans la totalit\u00e9 des services r\u00e9dactionnels.<\/p>\n<p>                                                                                \u00ab\u00a0J\u2019ai failli rendre mon tablier\u00a0\u00bb<\/p>\n<p class=\"fs-5 \">La greffe est difficile. \u00ab\u00a0On a oubli\u00e9 \u00e0 quel point cela changeait des machines \u00e0 \u00e9crire m\u00e9caniques, se souvient Christian Donati, charg\u00e9 des formations avec R\u00e9my Daure. Certains r\u00e9dacteurs cherchaient la molette pour faire d\u00e9filer leur texte\u00a0; d\u2019autres pensaient qu\u2019ils ne s\u2019y feraient jamais.\u2005\u00a0\u00bb<\/p>\n<p class=\"fs-5 \">\u00ab\u00a0\u00c0 ce moment-l\u00e0, j\u2019ai failli rendre mon tablier\u00a0\u00bb, confesse Antoine Feracci, alors chef d\u2019agence \u00e0 Corte.<\/p>\n<p>            <img src=\"https:\/\/www.europesays.com\/fr\/wp-content\/uploads\/2025\/11\/0338f76_upload-from-url-1-zhhfnb7iclgj-maux-sans-clich-c3-a9s-1-limobaiy.jpg\"   loading=\"lazy\" decoding=\"async\" alt=\"&quot;Ce que je pr\u00e9f\u00e9rais, c\u2019\u00e9tait les faits divers&quot;, confesse Antoine Feracci. \" class=\"img-fluid position-absolute w-100 object-fit-cover rounded-2\" width=\"600\" height=\"400\"\/><\/p>\n<p class=\"fs-5 \">Les clavistes, de leur c\u00f4t\u00e9, perdent une partie de leurs pr\u00e9rogatives. Une quinzaine d\u2019entre eux suit une formation interne pour devenir journalistes. Pour eux aussi, le passage d\u2019un monde \u00e0 l\u2019autre requiert des efforts.<\/p>\n<p class=\"fs-5 \">Au cours des vingt ann\u00e9es suivantes, l\u2019informatique impose ses codes et ses pratiques. Internet, d\u00e9ploy\u00e9 dans les services d\u00e8s 1995, ne cesse de prendre de l\u2019ampleur. M\u00eame les photos deviennent num\u00e9riques au tournant du si\u00e8cle\u00a0!<\/p>\n<p>        <img decoding=\"async\" src=\"https:\/\/www.europesays.com\/fr\/wp-content\/uploads\/2025\/11\/ARTBLOCKVIEW-10656059-1128-752-610cc6f_upload-1-3p3vodor4tvm-technique-2-large.jpg\" class=\"figure-img img-fluid rounded\" alt=\"Route de Grenoble, les nouvelles machines tournent depuis 2011. \"\/><\/p>\n<p>            Route de Grenoble, les nouvelles machines tournent depuis 2011.  <br \/>FRANZ CHAVAROCHE \/ FRANZ CHAVAROCHE<\/p>\n<p class=\"fs-5 \">Et l\u2019imprimerie\u00a0? Elle commence \u00e0 montrer ses limites. Si tous les process ont \u00e9t\u00e9 modernis\u00e9s, si le format du journal a pu \u00eatre r\u00e9duit d\u00e8s 2006, les rotatives restent limit\u00e9es en termes de pages en couleurs. En 2011, enfin, apr\u00e8s deux ann\u00e9es de recherche qui ont conduit les ing\u00e9nieurs du Japon \u00e0 la Norv\u00e8ge en passant par l\u2019Allemagne et la Bretagne, les Geoman remplacent les Colorman.<\/p>\n<p class=\"fs-5 \">\u00ab\u00a0Il faut mesurer le chemin parcouru en quatre-vingts ans, siffle Christian Donati. Il y a eu plus de changements pendant cette p\u00e9riode qu\u2019au cours des quatre si\u00e8cles qui ont pr\u00e9c\u00e9d\u00e9. C\u2019est tout \u00e0 l\u2019honneur de Nice-Matin et de son personnel d\u2019avoir toujours su \u00e9voluer, s\u2019adapter pour rester dans la course et offrir le meilleur produit possible\u00a0!\u2005\u00a0\u00bb<\/p>\n<p class=\"fs-6\">1. Filiale du g\u00e9ant am\u00e9ricain Kodak.<\/p>\n","protected":false},"excerpt":{"rendered":"La date du 24 juillet 1952 ne figure dans aucun livre d\u2019histoire. Pourtant, elle le m\u00e9riterait. Non pas&hellip;\n","protected":false},"author":2,"featured_media":535540,"comment_status":"","ping_status":"","sticky":false,"template":"","format":"standard","meta":{"footnotes":""},"categories":[2819],"tags":[55033,1111,11,1777,674,1011,27,12,2401,882,25],"class_list":{"0":"post-535539","1":"post","2":"type-post","3":"status-publish","4":"format-standard","5":"has-post-thumbnail","7":"category-nice","8":"tag-80-ans-de-nice-matin","9":"tag-actu","10":"tag-actualites","11":"tag-eu","12":"tag-europe","13":"tag-fr","14":"tag-france","15":"tag-news","16":"tag-nice","17":"tag-provence-alpes-cote-dazur","18":"tag-republique-francaise"},"share_on_mastodon":{"url":"https:\/\/pubeurope.com\/@fr\/115552672355793970","error":""},"_links":{"self":[{"href":"https:\/\/www.europesays.com\/fr\/wp-json\/wp\/v2\/posts\/535539","targetHints":{"allow":["GET"]}}],"collection":[{"href":"https:\/\/www.europesays.com\/fr\/wp-json\/wp\/v2\/posts"}],"about":[{"href":"https:\/\/www.europesays.com\/fr\/wp-json\/wp\/v2\/types\/post"}],"author":[{"embeddable":true,"href":"https:\/\/www.europesays.com\/fr\/wp-json\/wp\/v2\/users\/2"}],"replies":[{"embeddable":true,"href":"https:\/\/www.europesays.com\/fr\/wp-json\/wp\/v2\/comments?post=535539"}],"version-history":[{"count":0,"href":"https:\/\/www.europesays.com\/fr\/wp-json\/wp\/v2\/posts\/535539\/revisions"}],"wp:featuredmedia":[{"embeddable":true,"href":"https:\/\/www.europesays.com\/fr\/wp-json\/wp\/v2\/media\/535540"}],"wp:attachment":[{"href":"https:\/\/www.europesays.com\/fr\/wp-json\/wp\/v2\/media?parent=535539"}],"wp:term":[{"taxonomy":"category","embeddable":true,"href":"https:\/\/www.europesays.com\/fr\/wp-json\/wp\/v2\/categories?post=535539"},{"taxonomy":"post_tag","embeddable":true,"href":"https:\/\/www.europesays.com\/fr\/wp-json\/wp\/v2\/tags?post=535539"}],"curies":[{"name":"wp","href":"https:\/\/api.w.org\/{rel}","templated":true}]}}