{"id":535556,"date":"2025-11-15T08:13:13","date_gmt":"2025-11-15T08:13:13","guid":{"rendered":"https:\/\/www.europesays.com\/fr\/535556\/"},"modified":"2025-11-15T08:13:13","modified_gmt":"2025-11-15T08:13:13","slug":"un-algerien-en-situation-irreguliere-condamne-pour-avoir-frappe-et-devalise-une-octogenaire-dans-la-rue","status":"publish","type":"post","link":"https:\/\/www.europesays.com\/fr\/535556\/","title":{"rendered":"un Alg\u00e9rien en situation irr\u00e9guli\u00e8re condamn\u00e9 pour avoir frapp\u00e9 et d\u00e9valis\u00e9 une octog\u00e9naire dans la rue"},"content":{"rendered":"<p itemprop=\"description\"><strong>Le juge qui mettait du ferme est visiblement revenu de vacances \u00e0 Villefranche-sur-Sa\u00f4ne.<\/strong><\/p>\n<p>Ce jeudi, un jeune homme soup\u00e7onn\u00e9 d&rsquo;avoir arrach\u00e9 la chaine d&rsquo;une octog\u00e9naire rue Nationale le 11 novembre a \u00e9t\u00e9 jug\u00e9 et condamn\u00e9.<\/p>\n<p>Cet Alg\u00e9rien en situation irr\u00e9guli\u00e8re a d\u00e9j\u00e0 trois vols \u00e0 son actif en cinq mois de pr\u00e9sence sur le sol fran\u00e7ais. Les faits survenus \u00e0 Villefranche sont r\u00e9voltants, puisque l&rsquo;individu \u00e2g\u00e9 de 19 ans a donn\u00e9 deux coups de poing \u00e0 sa victime de 85 ans qui a lourdement chut\u00e9 au sol.<\/p>\n<p>Il avait ensuite pris la fuite, poursuivi par des passants qui l&rsquo;avaient retrouv\u00e9 et ma\u00eetris\u00e9 alors qu&rsquo;il se cachait dans un buisson.<\/p>\n<p>Face aux juges caladois, le pr\u00e9venu a reconnu partiellement les faits, expliquant avoir besoin d&rsquo;argent pour acheter \u00e0 manger et de la drogue. Il a \u00e9cop\u00e9 d&rsquo;un an de prison dont la moiti\u00e9 avec sursis. Ecrou\u00e9 \u00e0 l&rsquo;issue de l&rsquo;audience, il n&rsquo;aura plus le droit de se rendre \u00e0 Villefranche-sur-Sa\u00f4ne pendant deux ans.<\/p>\n","protected":false},"excerpt":{"rendered":"Le juge qui mettait du ferme est visiblement revenu de vacances \u00e0 Villefranche-sur-Sa\u00f4ne. Ce jeudi, un jeune homme&hellip;\n","protected":false},"author":2,"featured_media":535557,"comment_status":"","ping_status":"","sticky":false,"template":"","format":"standard","meta":{"footnotes":""},"categories":[1889],"tags":[1111,11,2813,2190,2430,1109,251,1112,2811,1777,674,118,1011,27,1922,1110,1114,2428,2810,12,241,316,25,2812,517,800],"class_list":{"0":"post-535556","1":"post","2":"type-post","3":"status-publish","4":"format-standard","5":"has-post-thumbnail","7":"category-lyon","8":"tag-actu","9":"tag-actualites","10":"tag-article","11":"tag-asvel","12":"tag-auvergne-rhone-alpes","13":"tag-breves","14":"tag-culture","15":"tag-depeches","16":"tag-economique","17":"tag-eu","18":"tag-europe","19":"tag-faits-divers","20":"tag-fr","21":"tag-france","22":"tag-info","23":"tag-informations","24":"tag-infos","25":"tag-lyon","26":"tag-lyonmag","27":"tag-news","28":"tag-ol","29":"tag-politique","30":"tag-republique-francaise","31":"tag-sociale","32":"tag-sport","33":"tag-transports"},"share_on_mastodon":{"url":"https:\/\/pubeurope.com\/@fr\/115552715000878198","error":""},"_links":{"self":[{"href":"https:\/\/www.europesays.com\/fr\/wp-json\/wp\/v2\/posts\/535556","targetHints":{"allow":["GET"]}}],"collection":[{"href":"https:\/\/www.europesays.com\/fr\/wp-json\/wp\/v2\/posts"}],"about":[{"href":"https:\/\/www.europesays.com\/fr\/wp-json\/wp\/v2\/types\/post"}],"author":[{"embeddable":true,"href":"https:\/\/www.europesays.com\/fr\/wp-json\/wp\/v2\/users\/2"}],"replies":[{"embeddable":true,"href":"https:\/\/www.europesays.com\/fr\/wp-json\/wp\/v2\/comments?post=535556"}],"version-history":[{"count":0,"href":"https:\/\/www.europesays.com\/fr\/wp-json\/wp\/v2\/posts\/535556\/revisions"}],"wp:featuredmedia":[{"embeddable":true,"href":"https:\/\/www.europesays.com\/fr\/wp-json\/wp\/v2\/media\/535557"}],"wp:attachment":[{"href":"https:\/\/www.europesays.com\/fr\/wp-json\/wp\/v2\/media?parent=535556"}],"wp:term":[{"taxonomy":"category","embeddable":true,"href":"https:\/\/www.europesays.com\/fr\/wp-json\/wp\/v2\/categories?post=535556"},{"taxonomy":"post_tag","embeddable":true,"href":"https:\/\/www.europesays.com\/fr\/wp-json\/wp\/v2\/tags?post=535556"}],"curies":[{"name":"wp","href":"https:\/\/api.w.org\/{rel}","templated":true}]}}