{"id":535559,"date":"2025-11-15T08:16:23","date_gmt":"2025-11-15T08:16:23","guid":{"rendered":"https:\/\/www.europesays.com\/fr\/535559\/"},"modified":"2025-11-15T08:16:23","modified_gmt":"2025-11-15T08:16:23","slug":"quelle-meteo-a-paris-et-en-ile-de-france-2","status":"publish","type":"post","link":"https:\/\/www.europesays.com\/fr\/535559\/","title":{"rendered":"quelle m\u00e9t\u00e9o \u00e0 Paris et en \u00cele-de-France\u00a0?"},"content":{"rendered":"<p>                    Par<br \/>\n        <strong><br \/>\n            <a href=\"https:\/\/actu.fr\/auteur\/thomas-martin\" title=\"Consulter tous les articles de Thomas Martin\" rel=\"nofollow noopener\" target=\"_blank\">Thomas Martin<\/a><br \/>\n                    <\/strong><\/p>\n<p>        Publi\u00e9 le<\/p>\n<p>            15 nov. 2025 \u00e0 6h20        <\/p>\n<p>Une <strong>douceur exceptionnelle<\/strong> s\u2019est install\u00e9e en France ces derniers jours avec des temp\u00e9ratures souvent 5 \u00e0 8 degr\u00e9s au-dessus des normales de saison, parfois m\u00eame 10\u00b0C au-dessus localement. Une situation constat\u00e9e notamment \u00e0 Paris et dans le reste de l\u2019\u00cele-de-France m\u00eame l\u2019on n\u2019a pas atteint les temp\u00e9ratures enregistr\u00e9es dans le sud. Les Franciliens ont malgr\u00e9 tout v\u00e9cu cette semaine avec des temp\u00e9ratures flirtant avec les 20\u00b0C. Mais, la situation va bient\u00f4t changer radicalement avec une <a href=\"https:\/\/actu.fr\/paris\/meteo\" rel=\"nofollow noopener\" target=\"_blank\">m\u00e9t\u00e9o<\/a> plus en ad\u00e9quation avec la saison.\u00a0<\/p>\n<p>Un passage du printemps \u00e0 l\u2019hiver en un temps record<\/p>\n<p class=\" wall-content\">Les temp\u00e9ratures vont chuter brutalement dans l\u2019Hexagone : de 16 \u00b0C, elles passeront sous les 8 \u00b0C en moyenne nationale d\u2019ici au jeudi 20 novembre, soit une baisse d\u2019environ dix degr\u00e9s en seulement quelques jours. Apr\u00e8s la chaleur, un air \u00ab polaire maritime \u00bb accompagn\u00e9 d\u2019un vent de nord-ouest bien frais gagnera l\u2019ensemble du pays. De conditions subtropicales, la France basculera soudain sous l\u2019influence d\u2019une masse d\u2019air venue de l\u2019Arctique. Un v\u00e9ritable passage du printemps \u00e0 l\u2019hiver en un temps record<\/p>\n<p class=\" wall-content\">D\u00e8s ce week-end des samedi 15 et dimanche 16 novembre, selon les pr\u00e9visions de <a href=\"https:\/\/actu.fr\/tag\/meteo-france\" rel=\"nofollow noopener\" target=\"_blank\">M\u00e9t\u00e9o France<\/a>, les temp\u00e9ratures vont entamer un recul dans la capitale et le reste de la r\u00e9gion avec par exemple pas plus de 15\u00b0C samedi, et 13\u00b0C.\u00a0<\/p>\n<p class=\" wall-content\">Lundi, si le soleil est appel\u00e9 \u00e0 briller g\u00e9n\u00e9reusement, il ne fera malgr\u00e9 tout que 6\u00b0C \u00e0 Paris le matin et le mercure ne d\u00e9passera pas les 10\u00b0C dans l\u2019apr\u00e8s-midi. En Grande Couronne, certains Franciliens n\u2019auront pas plus de 4\u00b0C \u00e0 leur r\u00e9veil. Une tendance qui devrait se confirmer le lendemain avec des temp\u00e9ratures se rapprochant le matin des 0\u00b0C notamment en Seine-et-Marne, en Essonne ou encore dans les Yvelines. Aux environs de Fontainebleau, il est possible que le mercure passe d\u2019ailleurs sous les 0\u00b0C.\u00a0<\/p>\n<p class=\" wall-content\">Des temp\u00e9ratures donc largement plus basses qu\u2019actuellement qui pourraient en plus \u00eatre accompagn\u00e9s de pluie.\u00a0<\/p>\n<p class=\" wall-content\">Un l\u00e9ger redoux pourrait ensuite s\u2019op\u00e9rer la semaine suivante.\u00a0<\/p>\n<p class=\" wall-content\">Personnalisez votre actualit\u00e9 en ajoutant vos villes et m\u00e9dias en favori avec <a href=\"https:\/\/moncompte.actu.fr\" title=\"D\u00e9couvez Mon Actu\" rel=\"nofollow noopener\" data-trk=\"{&quot;cta&quot;:{&quot;action&quot;:&quot;https:\\\/\\\/moncompte.actu.fr&quot;,&quot;category&quot;:&quot;mon compte&quot;,&quot;from&quot;:&quot;article footer&quot;,&quot;name&quot;:&quot;Mon actu&quot;,&quot;type&quot;:&quot;cta&quot;}}\" target=\"_blank\">Mon Actu<\/a>.<\/p>\n","protected":false},"excerpt":{"rendered":"Par Thomas Martin Publi\u00e9 le 15 nov. 2025 \u00e0 6h20 Une douceur exceptionnelle s\u2019est install\u00e9e en France ces&hellip;\n","protected":false},"author":2,"featured_media":535560,"comment_status":"","ping_status":"","sticky":false,"template":"","format":"standard","meta":{"footnotes":""},"categories":[1592],"tags":[1111,11,1777,674,1011,27,662,2487,2357,12,626,25],"class_list":{"0":"post-535559","1":"post","2":"type-post","3":"status-publish","4":"format-standard","5":"has-post-thumbnail","7":"category-ile-de-france","8":"tag-actu","9":"tag-actualites","10":"tag-eu","11":"tag-europe","12":"tag-fr","13":"tag-france","14":"tag-ile-de-france","15":"tag-meteo","16":"tag-meteo-france","17":"tag-news","18":"tag-paris","19":"tag-republique-francaise"},"share_on_mastodon":{"url":"https:\/\/pubeurope.com\/@fr\/115552726906569287","error":""},"_links":{"self":[{"href":"https:\/\/www.europesays.com\/fr\/wp-json\/wp\/v2\/posts\/535559","targetHints":{"allow":["GET"]}}],"collection":[{"href":"https:\/\/www.europesays.com\/fr\/wp-json\/wp\/v2\/posts"}],"about":[{"href":"https:\/\/www.europesays.com\/fr\/wp-json\/wp\/v2\/types\/post"}],"author":[{"embeddable":true,"href":"https:\/\/www.europesays.com\/fr\/wp-json\/wp\/v2\/users\/2"}],"replies":[{"embeddable":true,"href":"https:\/\/www.europesays.com\/fr\/wp-json\/wp\/v2\/comments?post=535559"}],"version-history":[{"count":0,"href":"https:\/\/www.europesays.com\/fr\/wp-json\/wp\/v2\/posts\/535559\/revisions"}],"wp:featuredmedia":[{"embeddable":true,"href":"https:\/\/www.europesays.com\/fr\/wp-json\/wp\/v2\/media\/535560"}],"wp:attachment":[{"href":"https:\/\/www.europesays.com\/fr\/wp-json\/wp\/v2\/media?parent=535559"}],"wp:term":[{"taxonomy":"category","embeddable":true,"href":"https:\/\/www.europesays.com\/fr\/wp-json\/wp\/v2\/categories?post=535559"},{"taxonomy":"post_tag","embeddable":true,"href":"https:\/\/www.europesays.com\/fr\/wp-json\/wp\/v2\/tags?post=535559"}],"curies":[{"name":"wp","href":"https:\/\/api.w.org\/{rel}","templated":true}]}}