{"id":53557,"date":"2025-04-26T05:04:10","date_gmt":"2025-04-26T05:04:10","guid":{"rendered":"https:\/\/www.europesays.com\/fr\/53557\/"},"modified":"2025-04-26T05:04:10","modified_gmt":"2025-04-26T05:04:10","slug":"ca-va-transpirer-severe-sur-la-scene-du-centre-culturel","status":"publish","type":"post","link":"https:\/\/www.europesays.com\/fr\/53557\/","title":{"rendered":"\u00ab \u00e7a va transpirer s\u00e9v\u00e8re \u00bb sur la sc\u00e8ne du centre culturel"},"content":{"rendered":"<p>\u00ab\u00a0Entre l\u2019incompr\u00e9hension des termes anglo-saxons, des nouveaux concepts sportifs, des diff\u00e9rents muscles \u00e0 travailler et autres boissons prot\u00e9in\u00e9es, attention, \u00e7a va transpirer s\u00e9v\u00e8re\u00a0\u00bb, promet l\u2019auteur <a href=\"https:\/\/www.dna.fr\/culture-loisirs\/2024\/11\/17\/laurent-arnoult-maitre-de-ceremonie-du-spectacle-d-ouverture\" target=\"_blank\" rel=\"noopener\">Laurent Arnoult<\/a> , \u00e9galement com\u00e9dien dans Running, Crossfit &amp; Mojito avec Ingrid Guervenou.<\/p>\n<p>  Une com\u00e9die qui vous r\u00e9concilie avec le sport<\/p>\n<p>L\u2019humoriste, premier Alsacien \u00e0 avoir r\u00e9alis\u00e9 un one-man-show au Z\u00e9nith de Strasbourg, est connu pour son talent comique et son attachement \u00e0 sa r\u00e9gion. Ses sketches abordent des sujets vari\u00e9s, tels que le c\u00e9libat, les femmes, la t\u00e9l\u00e9vision, et la musique\u2026 Tout en mettant en avant l\u2019accent alsacien et la richesse de la langue r\u00e9gionale.<\/p>\n<p>Ce contenu est bloqu\u00e9 car vous n&rsquo;avez pas accept\u00e9 les cookies et autres traceurs.<\/p>\n<p>En cliquant sur \u00ab J\u2019accepte \u00bb, les cookies et autres traceurs seront d\u00e9pos\u00e9s et vous pourrez visualiser les contenus  (<a href=\"\" class=\"consentModule_policy\" target=\"_blank\" title=\"Consulter la politique de protection des donn\u00e9es du fournisseur\">plus d&rsquo;informations<\/a>).<\/p>\n<p>En cliquant sur \u00ab J\u2019accepte tous les cookies \u00bb, vous autorisez des d\u00e9p\u00f4ts de cookies et autres traceurs pour le stockage de vos donn\u00e9es sur nos sites et applications \u00e0 des fins de personnalisation et de ciblage publicitaire.<\/p>\n<p class=\"consentModule_secondaryText\">Vous gardez la possibilit\u00e9 de retirer votre consentement \u00e0 tout moment en consultant notre <a href=\"https:\/\/www.dna.fr\/protection-des-donnees\" target=\"_blank\" title=\"Consulter notre politique de protection des donn\u00e9es\" rel=\"noopener\">politique de protection des donn\u00e9es<\/a>. <br \/>&#13;<br \/>\n            <a href=\"https:\/\/www.dna.fr\/culture-loisirs\/2025\/04\/26\/javascript:Didomi.notice.show()\" class=\"consentModule_cmp\" target=\"_blank\" rel=\"noopener\">G\u00e9rer mes choix<\/a>&#13;\n        <\/p>\n<p>&#13;<br \/>\n                        J&rsquo;accepte&#13;<br \/>\n            J&rsquo;accepte tous les cookies&#13;\n        <\/p>\n<p>Comment les coachs sportifs s\u2019adaptent-ils \u00e0 chaque situation\u00a0? Est-ce mieux de faire sa s\u00e9ance de sport seul ou en couple\u00a0? Est-ce que le gainage est vraiment important\u00a0? Autant de questions que les deux com\u00e9diens soul\u00e8veront ce samedi 26\u00a0avril au centre culturel de Mundolsheim.<\/p>\n<p><a href=\"https:\/\/www.dna.fr\/culture-loisirs\/2024\/02\/12\/ne-comedie-en-rodage-qui-a-fait-un-tabac\" target=\"_blank\" rel=\"noopener\">Running, Crossfit &amp; Mojito , une com\u00e9die qui vous r\u00e9concilie avec le sport<\/a>\u2026 ou pas\u00a0! M\u00eame si Laurent Arnoult en conclut que \u00ab\u00a0l\u2019ap\u00e9ro passe toujours mieux apr\u00e8s une bonne s\u00e9ance de sport\u00a0\u00bb.<\/p>\n<p class=\"note\">Samedi 26\u00a0avril\u00a02025 \u00e0 20\u00a0h au Centre Culturel de Mundolsheim, rue du G\u00e9n\u00e9ral Leclerc. Acc\u00e8s sur le parvis de la mairie. Buvette sur place. Tarif plein\u00a0: 12\u00a0\u20ac &#8211; Tarif r\u00e9duit\u00a0: 6\u00a0\u20ac. Pr\u00e9vente en mairie ou r\u00e9servation par mail \u00e0\u00a0: reservation@mundolsheim.fr. Billetterie sur place \u00e0 19\u00a0h.<\/p>\n","protected":false},"excerpt":{"rendered":"\u00ab\u00a0Entre l\u2019incompr\u00e9hension des termes anglo-saxons, des nouveaux concepts sportifs, des diff\u00e9rents muscles \u00e0 travailler et autres boissons prot\u00e9in\u00e9es,&hellip;\n","protected":false},"author":2,"featured_media":53558,"comment_status":"","ping_status":"","sticky":false,"template":"","format":"standard","meta":{"footnotes":""},"categories":[2820],"tags":[1111,11,1687,2880,1777,674,107,1011,27,775,3035,3264,12,25,3140,640,3265],"class_list":{"0":"post-53557","1":"post","2":"type-post","3":"status-publish","4":"format-standard","5":"has-post-thumbnail","7":"category-strasbourg","8":"tag-actu","9":"tag-actualites","10":"tag-culture-loisirs","11":"tag-edition-strasbourg","12":"tag-eu","13":"tag-europe","14":"tag-fil-info","15":"tag-fr","16":"tag-france","17":"tag-grand-est","18":"tag-la-matinale-strasbourg","19":"tag-mundolsheim","20":"tag-news","21":"tag-republique-francaise","22":"tag-spectacle","23":"tag-strasbourg","24":"tag-strasbourg-nord"},"share_on_mastodon":{"url":"https:\/\/pubeurope.com\/@fr\/114402523027698253","error":""},"_links":{"self":[{"href":"https:\/\/www.europesays.com\/fr\/wp-json\/wp\/v2\/posts\/53557","targetHints":{"allow":["GET"]}}],"collection":[{"href":"https:\/\/www.europesays.com\/fr\/wp-json\/wp\/v2\/posts"}],"about":[{"href":"https:\/\/www.europesays.com\/fr\/wp-json\/wp\/v2\/types\/post"}],"author":[{"embeddable":true,"href":"https:\/\/www.europesays.com\/fr\/wp-json\/wp\/v2\/users\/2"}],"replies":[{"embeddable":true,"href":"https:\/\/www.europesays.com\/fr\/wp-json\/wp\/v2\/comments?post=53557"}],"version-history":[{"count":0,"href":"https:\/\/www.europesays.com\/fr\/wp-json\/wp\/v2\/posts\/53557\/revisions"}],"wp:featuredmedia":[{"embeddable":true,"href":"https:\/\/www.europesays.com\/fr\/wp-json\/wp\/v2\/media\/53558"}],"wp:attachment":[{"href":"https:\/\/www.europesays.com\/fr\/wp-json\/wp\/v2\/media?parent=53557"}],"wp:term":[{"taxonomy":"category","embeddable":true,"href":"https:\/\/www.europesays.com\/fr\/wp-json\/wp\/v2\/categories?post=53557"},{"taxonomy":"post_tag","embeddable":true,"href":"https:\/\/www.europesays.com\/fr\/wp-json\/wp\/v2\/tags?post=53557"}],"curies":[{"name":"wp","href":"https:\/\/api.w.org\/{rel}","templated":true}]}}