{"id":535599,"date":"2025-11-15T08:40:15","date_gmt":"2025-11-15T08:40:15","guid":{"rendered":"https:\/\/www.europesays.com\/fr\/535599\/"},"modified":"2025-11-15T08:40:15","modified_gmt":"2025-11-15T08:40:15","slug":"exorbitant-matthieu-delormeau-revele-le-salaire-quil-gagnait-c","status":"publish","type":"post","link":"https:\/\/www.europesays.com\/fr\/535599\/","title":{"rendered":"Exorbitant ! Matthieu Delormeau r\u00e9v\u00e8le le salaire qu\u2019il gagnait c &#8230;"},"content":{"rendered":"<p>EN BREF<\/p>\n<ul class=\"bloc_resume_post_list\">\n<li>Matthieu Delormeau r\u00e9v\u00e8le avoir touch\u00e9 un tr\u00e8s haut<br \/>\nsalaire et men\u00e9 un train de vie extravagant lorsqu\u2019il travaillait<br \/>\npour NRJ 12.<\/li>\n<li>Il raconte des comportements jug\u00e9s abusifs et arrogants \u00e0<br \/>\nl\u2019\u00e9poque, choquant les chroniqueurs de TBT9.<\/li>\n<li>Il partage une anecdote intime qui suscite une nouvelle<br \/>\nfois la consternation sur le plateau.<\/li>\n<\/ul>\n<p data-start=\"360\" data-end=\"587\">Matthieu Delormeau est l\u2019un des<br \/>\nchroniqueurs embl\u00e9matiques de TBT9. Mais avant d\u2019officier aux c\u00f4t\u00e9s<br \/>\nde Cyril Hanouna, il a travaill\u00e9 sur NRJ pendant plusieurs ann\u00e9es.<br \/>\nUne \u00e9poque pendant laquelle il gagnait \u00e9norm\u00e9ment d\u2019argent.<\/p>\n<p data-start=\"589\" data-end=\"804\">Vendredi 14 novembre, il a<br \/>\nr\u00e9v\u00e9l\u00e9 la somme exorbitante qu\u2019il gagnait et le train de vie qu\u2019il<br \/>\nmenait. Ses propos sont presque choquants et <a href=\"https:\/\/www.telestar.fr\/actu_tv\/tbt9-qui-est-linfluenceur-ad-laurent-le-nouveau-chroniqueur-au-coeur-dune-polemique-1738515\" target=\"_blank\" rel=\"noopener\"><br \/>\nles chroniqueurs de TBT9<\/a> n\u2019h\u00e9sitent pas \u00e0 pointer du doigt son<br \/>\ncomportement.<\/p>\n<p>\u201cJ\u2019\u00e9tais pay\u00e9\u2026\u201d : le salaire fou de Matthieu<br \/>\nDelormeau<\/p>\n<p data-start=\"868\" data-end=\"1606\">Matthieu Delormeau a travaill\u00e9<br \/>\nchez NRJ 12 pendant huit ans. \u00c0 l\u2019\u00e9poque, il g\u00e9rait Tellement Vrai, Le Mag et la Star Ac. \u201c<strong>J\u00a0\u00bb\u00e9tais pay\u00e9 18 000 euros brut par mois,<br \/>\nvoil\u00e0<\/strong>\u201d, avoue le chroniqueur. Il ne tarit pas<br \/>\nd\u2019\u00e9loges \u00e0 son propre \u00e9gard : \u201cJ&rsquo;avais une Porsche, j&rsquo;\u00e9tais beau gosse, j&rsquo;\u00e9tais muscl\u00e9,<br \/>\nj&rsquo;avais qui je voulais en bo\u00eete de nuit\u201d. Et si jamais il<br \/>\nrentrait seul de soir\u00e9e, il trouvait toujours le moyen de passer la<br \/>\nnuit avec quelqu\u2019un : \u201c\u00c7a<br \/>\nm&rsquo;est arriv\u00e9 de prendre un mec et je lui disais \u2018viens, c&rsquo;est ton<br \/>\njour de chance, tu vas pas bosser dans ta cat\u00e9gorie, viens avec moi<br \/>\nune heure, tu rentres chez moi et puis tu pourras raconter un truc<br \/>\n\u00e0 ta m\u00e8re\u2019\u201d. Il affirme cependant que toutes ces personnes<br \/>\n\u00e9taient majeures.<\/p>\n<p data-start=\"1608\" data-end=\"2047\">Matthieu Delormeau poursuit<br \/>\nson r\u00e9cit, et ses d\u00e9clarations sont plus aberrantes les unes que<br \/>\nles autres : <strong>\u201cJe ne<br \/>\nsupportais pas qu&rsquo;on me dise non.<\/strong> J&rsquo;appelais un<br \/>\nrestaurant, et si c&rsquo;\u00e9tait non, je faisais un scandale. Les h\u00f4tels,<br \/>\nc&rsquo;\u00e9tait pareil\u201d. Pour justifier ce train de vie, il explique :<br \/>\n\u201cMais aussi NRJ faisait 3 % \u00e0<br \/>\nl&rsquo;\u00e9poque. \u00c7a para\u00eet b\u00eate mais c&rsquo;\u00e9tait beaucoup\u201d. Constern\u00e9,<br \/>\nCyril Hanouna lui lance : \u201cT\u2019\u00e9tais un vrai connard\u201d.<\/p>\n<p>Matthieu Delormeau raconte une histoire tr\u00e8s intime en plein<br \/>\ndirect<\/p>\n<p data-start=\"2122\" data-end=\"2477\">Mais son histoire ne s\u2019arr\u00eate<br \/>\npas l\u00e0. D\u00e9sormais lanc\u00e9, <a href=\"https:\/\/www.telestar.fr\/actu_tv\/jai-fait-que-scer-matthieu-delormeau-derape-lourdement-face-a-cyril-hanouna-la-chaine-en-peril-1742692\" target=\"_blank\" rel=\"noopener\"><br \/>\nMatthieu Delormeau raconte une histoire tr\u00e8s intime<\/a> :<br \/>\n\u201cJe me suis fait une petite<br \/>\nphrase un peu dr\u00f4le, je te raconte. Mais il avait 25 ans et c&rsquo;\u00e9tait<br \/>\nla premi\u00e8re fois qu&rsquo;il couchait avec un gar\u00e7on. Et il m&rsquo;a dit, je<br \/>\nsuis un petit peu inquiet, je vais coucher pour la premi\u00e8re fois<br \/>\navec un gar\u00e7on\u201d.<\/p>\n<p data-start=\"2479\" data-end=\"2826\">Jusque-l\u00e0, tout allait bien.<br \/>\nCependant, son comportement laisse \u00e0 d\u00e9sirer : \u201c<strong>Et alors je lui ai dit, fais<br \/>\nattention, ne t&rsquo;habitues pas, tu vas passer ton permis sur une<br \/>\nFerrari\u201d<\/strong><strong>.<\/strong> De nouveau constern\u00e9 par<br \/>\ncette nouvelle histoire, Cyril Hanouna lui relance la m\u00eame insulte<br \/>\net <a href=\"https:\/\/www.telestar.fr\/actu_tv\/des-quon-dit-musulman-cyril-hanouna-embete-matthieu-delormeau-proche-du-derapage-pour-la-enieme-fois-1743273\" target=\"_blank\" rel=\"noopener\"><br \/>\ntente de rattraper la situation<\/a> : \u201cT&rsquo;es une 4L maintenant ! Humble !\u201d<\/p>\n","protected":false},"excerpt":{"rendered":"EN BREF Matthieu Delormeau r\u00e9v\u00e8le avoir touch\u00e9 un tr\u00e8s haut salaire et men\u00e9 un train de vie extravagant&hellip;\n","protected":false},"author":2,"featured_media":535600,"comment_status":"","ping_status":"","sticky":false,"template":"","format":"standard","meta":{"footnotes":""},"categories":[1359],"tags":[548,58,59,1011,27,7830,973,22497,49534],"class_list":{"0":"post-535599","1":"post","2":"type-post","3":"status-publish","4":"format-standard","5":"has-post-thumbnail","7":"category-people","8":"tag-article-simple","9":"tag-divertissement","10":"tag-entertainment","11":"tag-fr","12":"tag-france","13":"tag-matthieu-delormeau","14":"tag-people","15":"tag-tout-beau","16":"tag-tout-n9uf"},"share_on_mastodon":{"url":"https:\/\/pubeurope.com\/@fr\/115552821360765777","error":""},"_links":{"self":[{"href":"https:\/\/www.europesays.com\/fr\/wp-json\/wp\/v2\/posts\/535599","targetHints":{"allow":["GET"]}}],"collection":[{"href":"https:\/\/www.europesays.com\/fr\/wp-json\/wp\/v2\/posts"}],"about":[{"href":"https:\/\/www.europesays.com\/fr\/wp-json\/wp\/v2\/types\/post"}],"author":[{"embeddable":true,"href":"https:\/\/www.europesays.com\/fr\/wp-json\/wp\/v2\/users\/2"}],"replies":[{"embeddable":true,"href":"https:\/\/www.europesays.com\/fr\/wp-json\/wp\/v2\/comments?post=535599"}],"version-history":[{"count":0,"href":"https:\/\/www.europesays.com\/fr\/wp-json\/wp\/v2\/posts\/535599\/revisions"}],"wp:featuredmedia":[{"embeddable":true,"href":"https:\/\/www.europesays.com\/fr\/wp-json\/wp\/v2\/media\/535600"}],"wp:attachment":[{"href":"https:\/\/www.europesays.com\/fr\/wp-json\/wp\/v2\/media?parent=535599"}],"wp:term":[{"taxonomy":"category","embeddable":true,"href":"https:\/\/www.europesays.com\/fr\/wp-json\/wp\/v2\/categories?post=535599"},{"taxonomy":"post_tag","embeddable":true,"href":"https:\/\/www.europesays.com\/fr\/wp-json\/wp\/v2\/tags?post=535599"}],"curies":[{"name":"wp","href":"https:\/\/api.w.org\/{rel}","templated":true}]}}