{"id":53560,"date":"2025-04-26T05:06:13","date_gmt":"2025-04-26T05:06:13","guid":{"rendered":"https:\/\/www.europesays.com\/fr\/53560\/"},"modified":"2025-04-26T05:06:13","modified_gmt":"2025-04-26T05:06:13","slug":"nice-cest-quoi-ces-immenses-photos-affichees-sur-la-promenade-des-anglais","status":"publish","type":"post","link":"https:\/\/www.europesays.com\/fr\/53560\/","title":{"rendered":"Nice. C&rsquo;est quoi ces immenses photos affich\u00e9es sur la promenade des Anglais"},"content":{"rendered":"<p>            Par<br \/>\n        <strong><br \/>\n            <a href=\"https:\/\/actu.fr\/auteur\/ugo-maillard\" title=\"Consulter tous les articles de Ugo Maillard\" rel=\"nofollow noopener\" target=\"_blank\">Ugo Maillard<\/a><br \/>\n        <\/strong><\/p>\n<p>        Publi\u00e9 le<\/p>\n<p>            26 avr. 2025 \u00e0 6h16        <\/p>\n<p>De sublimes images offertes \u00e0 tous. Depuis le mercredi 16\u00a0avril 2025, une <strong>exposition de photos<\/strong> a pris place sur la promenade des Anglais de <a href=\"https:\/\/actu.fr\/nice\/\" rel=\"nofollow noopener\" target=\"_blank\">Nice<\/a> (<a href=\"https:\/\/actu.fr\/provence-alpes-cote-d-azur\/alpes-maritimes_06\" rel=\"nofollow noopener\" target=\"_blank\">Alpes-Maritimes<\/a>).<\/p>\n<p class=\" wall-content\">Une dizaine de panneaux a \u00e9t\u00e9 dress\u00e9e au niveau du Centre universitaire m\u00e9diterran\u00e9en (Cum).<\/p>\n<p>    <a href=\"https:\/\/www.google.com\/maps\/embed?pb=!1m18!1m12!1m3!1d2884.841759760638!2d7.249181676532352!3d43.69305304985185!2m3!1f0!2f0!3f0!3m2!1i1024!2i768!4f13.1!3m3!1m2!1s0x12cdd1f5952d62f9%3A0xb2b4ed925254987d!2sCUM%20-%20Centre%20Universitaire%20M%C3%A9diterran%C3%A9en!5e0!3m2!1sfr!2sfr!4v1745312692904!5m2!1sfr!2sfr\" title=\"Ouvrie le lien\" rel=\"nofollow noopener\" target=\"_blank\">Cliquez ici pour visualiser le contenu<\/a><\/p>\n<p class=\" wall-content\">Cette exposition se nomme \u00ab\u2009L\u2019oc\u00e9an vu de l\u2019espace\u2009\u00bb.<\/p>\n<p>Des images satellites des oc\u00e9ans<\/p>\n<p class=\" wall-content\">Les images satellites expos\u00e9es sur la promenade des Anglais sont accompagn\u00e9es de t\u00e9moignages d\u2019experts et QR codes interactifs permettent aux visiteurs de \u00ab\u2009comprendre comment le spatial mesure les impacts du d\u00e9r\u00e8glement climatique et de d\u00e9couvrir les solutions \u00e9mergentes\u2009\u00bb, indique la Cit\u00e9 de l\u2019Espace.<\/p>\n<p>Vid\u00e9os : en ce moment sur Actu<br \/>\n      <img   decoding=\"async\" loading=\"lazy\" src=\"https:\/\/www.europesays.com\/fr\/wp-content\/uploads\/2025\/04\/photos-promenade-nice-960x640.png\" alt=\"L'exposition reste sur la promenade des Anglais jusqu'au d\u00e9but du mois de mai 2025\" width=\"960\" height=\"640\"\/><br \/>\n    L\u2019exposition reste sur la promenade des Anglais jusqu\u2019au d\u00e9but du mois de mai\u00a02025 (\u00a9Ugo Maillard \/ actu Nice)<\/p>\n<p class=\" wall-content\">Organis\u00e9e conjointement par l\u2019Universit\u00e9 C\u00f4te d\u2019Azur, l\u2019Agence spatiale europ\u00e9enne et l\u2019UNESCO, l\u2019exposition restera placard\u00e9e <strong>trois semaines \u00e0 Nice<\/strong>, puis prendra la direction de New York et du si\u00e8ge de l\u2019ONU.<\/p>\n<p class=\" wall-content\">Une initiative qui s\u2019inscrit \u00e9galement dans la cadre du <a href=\"https:\/\/actu.fr\/provence-alpes-cote-d-azur\/nice_06088\/sommet-des-oceans-a-nice-ces-zones-seront-totalement-interdites-d-acces_62523723.html\" rel=\"nofollow noopener\" target=\"_blank\">Sommet des Oc\u00e9ans<\/a> qui se d\u00e9roulera \u00e0 Nice du 9 au 13\u00a0juin 2025.<\/p>\n<p class=\" wall-content\">Suivez toute l\u2019actualit\u00e9 de vos villes et m\u00e9dias favoris en vous inscrivant \u00e0 <a href=\"https:\/\/moncompte.actu.fr\" title=\"D\u00e9couvez Mon Actu\" rel=\"nofollow noopener\" data-trk=\"{&quot;cta&quot;:{&quot;action&quot;:&quot;https:\\\/\\\/moncompte.actu.fr&quot;,&quot;category&quot;:&quot;mon compte&quot;,&quot;from&quot;:&quot;article footer&quot;,&quot;name&quot;:&quot;Mon actu&quot;,&quot;type&quot;:&quot;cta&quot;}}\" target=\"_blank\">Mon Actu<\/a>.<\/p>\n","protected":false},"excerpt":{"rendered":"Par Ugo Maillard Publi\u00e9 le 26 avr. 2025 \u00e0 6h16 De sublimes images offertes \u00e0 tous. Depuis le&hellip;\n","protected":false},"author":2,"featured_media":53561,"comment_status":"","ping_status":"","sticky":false,"template":"","format":"standard","meta":{"footnotes":""},"categories":[2819],"tags":[1111,11,386,1777,674,1011,27,12,2401,1756,52,882,25],"class_list":{"0":"post-53560","1":"post","2":"type-post","3":"status-publish","4":"format-standard","5":"has-post-thumbnail","7":"category-nice","8":"tag-actu","9":"tag-actualites","10":"tag-espace","11":"tag-eu","12":"tag-europe","13":"tag-fr","14":"tag-france","15":"tag-news","16":"tag-nice","17":"tag-photographie","18":"tag-planete","19":"tag-provence-alpes-cote-dazur","20":"tag-republique-francaise"},"share_on_mastodon":{"url":"https:\/\/pubeurope.com\/@fr\/114402530884440177","error":""},"_links":{"self":[{"href":"https:\/\/www.europesays.com\/fr\/wp-json\/wp\/v2\/posts\/53560","targetHints":{"allow":["GET"]}}],"collection":[{"href":"https:\/\/www.europesays.com\/fr\/wp-json\/wp\/v2\/posts"}],"about":[{"href":"https:\/\/www.europesays.com\/fr\/wp-json\/wp\/v2\/types\/post"}],"author":[{"embeddable":true,"href":"https:\/\/www.europesays.com\/fr\/wp-json\/wp\/v2\/users\/2"}],"replies":[{"embeddable":true,"href":"https:\/\/www.europesays.com\/fr\/wp-json\/wp\/v2\/comments?post=53560"}],"version-history":[{"count":0,"href":"https:\/\/www.europesays.com\/fr\/wp-json\/wp\/v2\/posts\/53560\/revisions"}],"wp:featuredmedia":[{"embeddable":true,"href":"https:\/\/www.europesays.com\/fr\/wp-json\/wp\/v2\/media\/53561"}],"wp:attachment":[{"href":"https:\/\/www.europesays.com\/fr\/wp-json\/wp\/v2\/media?parent=53560"}],"wp:term":[{"taxonomy":"category","embeddable":true,"href":"https:\/\/www.europesays.com\/fr\/wp-json\/wp\/v2\/categories?post=53560"},{"taxonomy":"post_tag","embeddable":true,"href":"https:\/\/www.europesays.com\/fr\/wp-json\/wp\/v2\/tags?post=53560"}],"curies":[{"name":"wp","href":"https:\/\/api.w.org\/{rel}","templated":true}]}}