{"id":535603,"date":"2025-11-15T08:43:18","date_gmt":"2025-11-15T08:43:18","guid":{"rendered":"https:\/\/www.europesays.com\/fr\/535603\/"},"modified":"2025-11-15T08:43:18","modified_gmt":"2025-11-15T08:43:18","slug":"lamour-est-dans-le-pre-par-philippe-trias","status":"publish","type":"post","link":"https:\/\/www.europesays.com\/fr\/535603\/","title":{"rendered":"\u00ab\u00a0L\u2019amour est dans le pr\u00e9\u00a0\u00bb par Philippe Trias"},"content":{"rendered":"<p>Dans le secteur de la Bresse Jurassienne, il existe un lieu o\u00f9 les chevaux se fondent dans le paysage avec une harmonie toute particuli\u00e8re. Christel, une ancienne cavali\u00e8re, recueille des animaux caboss\u00e9s par des ann\u00e9es d\u2019actes de maltraitance ou pour certains, des abandons l\u00e2chement commis par les hommes. Ici, sur onze hectares de prairies, son <a href=\"https:\/\/www.leprogres.fr\/societe\/2025\/11\/08\/elle-offre-une-seconde-vie-a-des-chevaux-maltraites-ils-comprennent-que-l-humain-ici-ne-fait-pas-de-mal\" target=\"_blank\" rel=\"noopener\">\u201cTroupeau du Bonheur\u201d<\/a> prend le temps de se reconstruire.<\/p>\n<p>Leur h\u00f4te leur prodigue, \u00e0 grands renforts, l\u2019amour et l\u2019attention n\u00e9cessaires \u00e0 leur gu\u00e9rison. Dans ces \u00e9tendues vertes, il r\u00e8gne un climat de s\u00e9r\u00e9nit\u00e9, que seul le croassement des corbeaux vient perturber. Cette tranquillit\u00e9 retrouv\u00e9e est un travail quotidien, b\u00e2ti sur le d\u00e9vouement sans faille de Christel, amoureuse de ses animaux.<\/p>\n<p class=\"note\"><a href=\"https:\/\/www.leprogres.fr\/d\/l-oeil-de-notre-photographe-dans-le-jura-d590a334-e4a8-4d3d-ac4b-779f420b2545\" target=\"_blank\" rel=\"noopener\">Photo<\/a> r\u00e9alis\u00e9e avec Nikon Z9 et un 100\u00a0mm, une vitesse d\u2019obturation de 1\/600 s \u00e0 f\/10 et une sensibilit\u00e9 de 640 ISO.<\/p>\n","protected":false},"excerpt":{"rendered":"Dans le secteur de la Bresse Jurassienne, il existe un lieu o\u00f9 les chevaux se fondent dans le&hellip;\n","protected":false},"author":2,"featured_media":535604,"comment_status":"","ping_status":"","sticky":false,"template":"","format":"standard","meta":{"footnotes":""},"categories":[1356],"tags":[1867,58,59,1011,27,1757,1826,104,252,1364],"class_list":{"0":"post-535603","1":"post","2":"type-post","3":"status-publish","4":"format-standard","5":"has-post-thumbnail","7":"category-television","8":"tag-animaux","9":"tag-divertissement","10":"tag-entertainment","11":"tag-fr","12":"tag-france","13":"tag-insolite","14":"tag-jura","15":"tag-societe","16":"tag-television","17":"tag-tv"},"share_on_mastodon":{"url":"https:\/\/pubeurope.com\/@fr\/115552833003785661","error":""},"_links":{"self":[{"href":"https:\/\/www.europesays.com\/fr\/wp-json\/wp\/v2\/posts\/535603","targetHints":{"allow":["GET"]}}],"collection":[{"href":"https:\/\/www.europesays.com\/fr\/wp-json\/wp\/v2\/posts"}],"about":[{"href":"https:\/\/www.europesays.com\/fr\/wp-json\/wp\/v2\/types\/post"}],"author":[{"embeddable":true,"href":"https:\/\/www.europesays.com\/fr\/wp-json\/wp\/v2\/users\/2"}],"replies":[{"embeddable":true,"href":"https:\/\/www.europesays.com\/fr\/wp-json\/wp\/v2\/comments?post=535603"}],"version-history":[{"count":0,"href":"https:\/\/www.europesays.com\/fr\/wp-json\/wp\/v2\/posts\/535603\/revisions"}],"wp:featuredmedia":[{"embeddable":true,"href":"https:\/\/www.europesays.com\/fr\/wp-json\/wp\/v2\/media\/535604"}],"wp:attachment":[{"href":"https:\/\/www.europesays.com\/fr\/wp-json\/wp\/v2\/media?parent=535603"}],"wp:term":[{"taxonomy":"category","embeddable":true,"href":"https:\/\/www.europesays.com\/fr\/wp-json\/wp\/v2\/categories?post=535603"},{"taxonomy":"post_tag","embeddable":true,"href":"https:\/\/www.europesays.com\/fr\/wp-json\/wp\/v2\/tags?post=535603"}],"curies":[{"name":"wp","href":"https:\/\/api.w.org\/{rel}","templated":true}]}}