{"id":535607,"date":"2025-11-15T08:45:26","date_gmt":"2025-11-15T08:45:26","guid":{"rendered":"https:\/\/www.europesays.com\/fr\/535607\/"},"modified":"2025-11-15T08:45:26","modified_gmt":"2025-11-15T08:45:26","slug":"quels-sont-les-meilleurs-films-a-aller-voir-au-cinema-a-la-mi-novembre-liberation","status":"publish","type":"post","link":"https:\/\/www.europesays.com\/fr\/535607\/","title":{"rendered":"quels sont les meilleurs films \u00e0 aller voir au cin\u00e9ma \u00e0 la mi-novembre\u00a0? \u2013 Lib\u00e9ration"},"content":{"rendered":"<p class=\"sc-cPiKLX AiZTS text-element\">Le box-office traduit un gros pl\u00e9biscite pour le film de Thierry Klifa, <a href=\"https:\/\/www.liberation.fr\/culture\/cinema\/la-femme-la-plus-riche-du-monde-une-histoire-de-fric-flop-avec-isabelle-huppert-20251028_ZOPHX2L5ZNFJTDM7WTRXK2EFFE\/?redirected=1\" target=\"_blank\" rel=\"noreferrer noopener\" title=\"https:\/\/www.liberation.fr\/culture\/cinema\/la-femme-la-plus-riche-du-monde-une-histoire-de-fric-flop-avec-isabelle-huppert-20251028_ZOPHX2L5ZNFJTDM7WTRXK2EFFE\/?redirected=1\">la Femme la plus riche du monde<\/a> (571 254 entr\u00e9es en deux semaines) avec Isabelle Huppert et Laurent Lafitte, com\u00e9die s\u2019inspirant des turpitudes de la milliardaire Liliane Bettencourt et du photographe Fran\u00e7ois-Marie Banier. Dans un march\u00e9 de l\u2019exploitation qui cherche des locomotives pour le faire d\u00e9coller (enfin, vous voyez l\u2019image\u2026), c\u2019est donc une bonne nouvelle. Ce sont d\u2019autres films qui nous ont emball\u00e9s et qu\u2019on ne peut que chaudement vous recommander avec le m\u00eame esprit de g\u00e9n\u00e9rosit\u00e9 qui animait que la riche h\u00e9riti\u00e8re distribuant yacht, \u00eeles priv\u00e9es et tableaux de ma\u00eetres \u00e0 qui la divertissait le plus.<\/p>\n<p class=\"sc-cPiKLX AiZTS text-element\">Dans sa jeunesse \u00e0 Medell\u00edn, Oscar a \u00e9t\u00e9 po\u00e8te, il a sorti deux recueils confidentiels. Depuis, il rumine sa gloire perdue, la dilue dans l\u2019alcool, les soliloques \u00e9puisants, au grand d\u00e9sespoir de sa m\u00e8re chez qui il vit, et de sa fille, Daniela, violette de honte \u00e0 chaque fois qu\u2019il lui rend visite. Au bord du gouffre, sans le sou et conscient qu\u2019il vaudrait mieux d\u00e9sormais payer les \u00e9tudes de la gamine<\/p>\n","protected":false},"excerpt":{"rendered":"Le box-office traduit un gros pl\u00e9biscite pour le film de Thierry Klifa, la Femme la plus riche du&hellip;\n","protected":false},"author":2,"featured_media":535608,"comment_status":"","ping_status":"","sticky":false,"template":"","format":"standard","meta":{"footnotes":""},"categories":[1354],"tags":[413,58,59,1346,1011,27,1360,6517,65495],"class_list":{"0":"post-535607","1":"post","2":"type-post","3":"status-publish","4":"format-standard","5":"has-post-thumbnail","7":"category-films","8":"tag-ca-va-mieux-lisant","9":"tag-divertissement","10":"tag-entertainment","11":"tag-films","12":"tag-fr","13":"tag-france","14":"tag-movies","15":"tag-sorties-cinema","16":"tag-top-culture"},"share_on_mastodon":{"url":"https:\/\/pubeurope.com\/@fr\/115552840959985920","error":""},"_links":{"self":[{"href":"https:\/\/www.europesays.com\/fr\/wp-json\/wp\/v2\/posts\/535607","targetHints":{"allow":["GET"]}}],"collection":[{"href":"https:\/\/www.europesays.com\/fr\/wp-json\/wp\/v2\/posts"}],"about":[{"href":"https:\/\/www.europesays.com\/fr\/wp-json\/wp\/v2\/types\/post"}],"author":[{"embeddable":true,"href":"https:\/\/www.europesays.com\/fr\/wp-json\/wp\/v2\/users\/2"}],"replies":[{"embeddable":true,"href":"https:\/\/www.europesays.com\/fr\/wp-json\/wp\/v2\/comments?post=535607"}],"version-history":[{"count":0,"href":"https:\/\/www.europesays.com\/fr\/wp-json\/wp\/v2\/posts\/535607\/revisions"}],"wp:featuredmedia":[{"embeddable":true,"href":"https:\/\/www.europesays.com\/fr\/wp-json\/wp\/v2\/media\/535608"}],"wp:attachment":[{"href":"https:\/\/www.europesays.com\/fr\/wp-json\/wp\/v2\/media?parent=535607"}],"wp:term":[{"taxonomy":"category","embeddable":true,"href":"https:\/\/www.europesays.com\/fr\/wp-json\/wp\/v2\/categories?post=535607"},{"taxonomy":"post_tag","embeddable":true,"href":"https:\/\/www.europesays.com\/fr\/wp-json\/wp\/v2\/tags?post=535607"}],"curies":[{"name":"wp","href":"https:\/\/api.w.org\/{rel}","templated":true}]}}