{"id":535613,"date":"2025-11-15T08:48:13","date_gmt":"2025-11-15T08:48:13","guid":{"rendered":"https:\/\/www.europesays.com\/fr\/535613\/"},"modified":"2025-11-15T08:48:13","modified_gmt":"2025-11-15T08:48:13","slug":"un-rescape-du-bataclan-en-colere-contre-la-serie-le-realisateur-lui-repond","status":"publish","type":"post","link":"https:\/\/www.europesays.com\/fr\/535613\/","title":{"rendered":"un rescap\u00e9 du Bataclan en col\u00e8re contre la s\u00e9rie, le r\u00e9alisateur lui r\u00e9pond"},"content":{"rendered":"<p>        <img decoding=\"async\" loading=\"lazy\" src=\"https:\/\/www.europesays.com\/fr\/wp-content\/uploads\/2025\/11\/35d4c37_upload-1-yadv7p1wdqvm-afp-20161113-only-0327500-v3-highres-franceparis75commemorationattheba.jpeg\"  width=\"728\" height=\"410\" alt=\"C\u00e9r\u00e9monie d\u2019hommage devant le Bataclan en novembre 2016\u00a0(photo d\u2019illustration) \"\/>  <\/p>\n<p>SERGE ATTAL \/ Only France via AFP<\/p>\n<p>C\u00e9r\u00e9monie d\u2019hommage devant le Bataclan en novembre 2016\u00a0(photo d\u2019illustration) <\/p>\n<p class=\"asset asset-text\">CULTURE &#8211; Dix ans apr\u00e8s le drame, Victor Anclin-Zanotelli n\u2019avait jamais parl\u00e9 publiquement de la nuit <a href=\"https:\/\/www.huffingtonpost.fr\/politique\/article\/pour-les-commemorations-du-13-novembre-bardella-et-le-rn-cedent-a-l-indecence_257141.html\" target=\"_blank\" rel=\"noopener\">du 13\u00a0novembre\u00a02015<\/a>, celle o\u00f9 il a surv\u00e9cu \u00e0 la prise d\u2019otages au Bataclan. Mais la diffusion de la s\u00e9rie Des Vivants sur France 2\u00a0\u00e0 partir du 3\u00a0novembre\u00a02025 l\u2019a fait sortir du silence.<\/p>\n<p class=\"asset asset-text\">La fiction reconstitue, sans son accord, la sc\u00e8ne o\u00f9 un terroriste lui avait fait subir une fausse ex\u00e9cution. Une s\u00e9quence qui ranime un traumatisme qu\u2019il pensait avoir mis de c\u00f4t\u00e9, <a href=\"https:\/\/www.huffingtonpost.fr\/france\/article\/10-ans-du-13-novembre-les-images-sublimes-de-la-devise-francaise-dans-le-ciel-de-paris-en-hommage-aux-victimes_257126.html\" target=\"_blank\" rel=\"noopener\" title=\"Nouvelle fen\u00eatre\">dix ans apr\u00e8s<\/a>. \u00ab\u00a0On m\u2019a impos\u00e9 ma propre histoire\u00a0\u00bb, s\u2019est indign\u00e9 le jeune homme de 33\u00a0ans aupr\u00e8s du\u00a0<a href=\"https:\/\/www.republicain-lorrain.fr\/faits-divers-justice\/2025\/11\/12\/en-colere-ce-rescape-lorrain-du-bataclan-sort-du-silence-pour-denoncer-la-serie-tele-des-vivants\" target=\"_blank\" rel=\"noopener\" title=\"Nouvelle fen\u00eatre\">R\u00e9publicain lorrain<\/a>. Choqu\u00e9 par cette reconstitution, il a r\u00e9clam\u00e9 des excuses publiques et le retrait de la sc\u00e8ne.<\/p>\n<p class=\"asset asset-text\">Face \u00e0 la pol\u00e9mique, le r\u00e9alisateur Jean-Xavier de Lestrade a pr\u00e9sent\u00e9 ses excuses publiquement, vendredi 14\u00a0novembre, dans le m\u00eame journal. \u00ab\u00a0C\u2019est une vraie erreur de ne pas l\u2019avoir fait avant la mise en ligne de la s\u00e9rie. Ce n\u2019est pas bien et je le regrette\u00a0\u00bb, admet-il. \u00ab\u00a0Je l\u2019ai dit \u00e0 la m\u00e8re de Victor, qui m\u2019a contact\u00e9. Lundi, j\u2019ai \u00e9crit un courrier d\u2019excuses \u00e0 Victor\u00a0\u00bb, a-t-il ajout\u00e9.<\/p>\n<p class=\"asset asset-text\">\u00ab\u00a0Je fabrique des images impactantes et je me mets \u00e0 la place des victimes. Nous n\u2019avons d\u2019ailleurs pas d\u00e9voil\u00e9 son identit\u00e9\u00a0\u00bb, a par ailleurs pr\u00e9cis\u00e9 le r\u00e9alisateur de cette s\u00e9rie qui retrace, sur huit \u00e9pisodes, l\u2019histoire de sept otages du Bataclan ayant surv\u00e9cu et tissant des liens d\u2019amiti\u00e9 apr\u00e8s cette nuit tragique. Il n\u2019a pas encore pr\u00e9cis\u00e9 si la sc\u00e8ne allait \u00eatre retir\u00e9e.<\/p>\n<p>                     \u00ab\u00a0Je ne peux pas laisser passer \u00e7a\u00a0\u00bb    <\/p>\n<p class=\"asset asset-text\">De son c\u00f4t\u00e9, Victor Anclin-Zanotelli n\u2019a pas encore r\u00e9agi \u00e0 ces excuses. En milieu de semaine, il avait d\u00e9nonc\u00e9 une d\u00e9marche \u00ab\u00a0irrespectueuse\u00a0\u00bb, dans une interview diffus\u00e9e sur Instagram par le R\u00e9publicain Lorrain.<\/p>\n<p class=\"asset asset-text\">\u00ab\u00a0Je ne peux pas laisser passer \u00e7a. Je veux que ces pratiques soient connues. Je ressens de la col\u00e8re envers la production et le r\u00e9alisateur d\u2019avoir utilis\u00e9 mon personnage pour faire du sensationnel. Je me sens manipul\u00e9 et mis devant le fait accompli. On m\u2019impose \u00e7a alors que j\u2019ai toujours cherch\u00e9 \u00e0 en \u00eatre loin\u00a0\u00bb, avait-il confi\u00e9.<\/p>\n<p> La lecture de ce contenu est susceptible d\u2019entra\u00eener un d\u00e9p\u00f4t de cookies de la part de l\u2019op\u00e9rateur tiers qui l\u2019h\u00e9berge. Compte-tenu des choix que vous avez exprim\u00e9s en mati\u00e8re de d\u00e9p\u00f4t de cookies, nous avons bloqu\u00e9 l\u2019affichage de ce contenu. Si vous souhaitez y acc\u00e9der, vous devez accepter la cat\u00e9gorie de cookies \u201cContenus tiers\u201d en cliquant sur le bouton ci-dessous. <\/p>\n<p> Lire la Vid\u00e9o        <\/p>\n<p class=\"asset asset-text\">Pour lui, la blessure a \u00e9t\u00e9 double\u00a0: l\u2019\u00e9quipe de la s\u00e9rie ne l\u2019a pas pr\u00e9venu, et ses anciens compagnons d\u2019infortune non plus. \u00ab\u00a0Je ressens de la d\u00e9ception, voire de la trahison, apr\u00e8s ce qu\u2019on a partag\u00e9.\u00a0\u00bb Au-del\u00e0 des excuses, Victor n\u2019a r\u00e9clam\u00e9 aucune compensation financi\u00e8re.<\/p>\n","protected":false},"excerpt":{"rendered":"SERGE ATTAL \/ Only France via AFP C\u00e9r\u00e9monie d\u2019hommage devant le Bataclan en novembre 2016\u00a0(photo d\u2019illustration) CULTURE &#8211;&hellip;\n","protected":false},"author":2,"featured_media":535614,"comment_status":"","ping_status":"","sticky":false,"template":"","format":"standard","meta":{"footnotes":""},"categories":[8],"tags":[63085,251,58,59,1011,27,594,595,1254],"class_list":{"0":"post-535613","1":"post","2":"type-post","3":"status-publish","4":"format-standard","5":"has-post-thumbnail","7":"category-divertissement","8":"tag-attentats-13-novembre-2015","9":"tag-culture","10":"tag-divertissement","11":"tag-entertainment","12":"tag-fr","13":"tag-france","14":"tag-france-2","15":"tag-serie-tv","16":"tag-terrorisme"},"share_on_mastodon":{"url":"https:\/\/pubeurope.com\/@fr\/115552854022613640","error":""},"_links":{"self":[{"href":"https:\/\/www.europesays.com\/fr\/wp-json\/wp\/v2\/posts\/535613","targetHints":{"allow":["GET"]}}],"collection":[{"href":"https:\/\/www.europesays.com\/fr\/wp-json\/wp\/v2\/posts"}],"about":[{"href":"https:\/\/www.europesays.com\/fr\/wp-json\/wp\/v2\/types\/post"}],"author":[{"embeddable":true,"href":"https:\/\/www.europesays.com\/fr\/wp-json\/wp\/v2\/users\/2"}],"replies":[{"embeddable":true,"href":"https:\/\/www.europesays.com\/fr\/wp-json\/wp\/v2\/comments?post=535613"}],"version-history":[{"count":0,"href":"https:\/\/www.europesays.com\/fr\/wp-json\/wp\/v2\/posts\/535613\/revisions"}],"wp:featuredmedia":[{"embeddable":true,"href":"https:\/\/www.europesays.com\/fr\/wp-json\/wp\/v2\/media\/535614"}],"wp:attachment":[{"href":"https:\/\/www.europesays.com\/fr\/wp-json\/wp\/v2\/media?parent=535613"}],"wp:term":[{"taxonomy":"category","embeddable":true,"href":"https:\/\/www.europesays.com\/fr\/wp-json\/wp\/v2\/categories?post=535613"},{"taxonomy":"post_tag","embeddable":true,"href":"https:\/\/www.europesays.com\/fr\/wp-json\/wp\/v2\/tags?post=535613"}],"curies":[{"name":"wp","href":"https:\/\/api.w.org\/{rel}","templated":true}]}}