{"id":53562,"date":"2025-04-26T05:07:17","date_gmt":"2025-04-26T05:07:17","guid":{"rendered":"https:\/\/www.europesays.com\/fr\/53562\/"},"modified":"2025-04-26T05:07:17","modified_gmt":"2025-04-26T05:07:17","slug":"vitinha-regrette-le-manque-defficacite-du-psg-face-a-nice","status":"publish","type":"post","link":"https:\/\/www.europesays.com\/fr\/53562\/","title":{"rendered":"Vitinha regrette le manque d&rsquo;efficacit\u00e9 du PSG face \u00e0 Nice"},"content":{"rendered":"<p><img width=\"700\" height=\"350\" src=\"https:\/\/www.europesays.com\/fr\/wp-content\/uploads\/2025\/04\/Vitinha.jpg\" class=\"attachment-jannah-image-post size-jannah-image-post wp-post-image\" alt=\"Vitinha\" is_main_img=\"1\" decoding=\"async\" fetchpriority=\"high\"  \/><br \/>\n Image :<br \/>\npsg.fr<\/p>\n<p>Ce vendredi, le PSG a mis fin \u00e0 son invincibilit\u00e9 en<br \/>\nconc\u00e9dant sa premi\u00e8re d\u00e9faite de la saison face \u00e0 l\u2019OGC Nice (1-3)<br \/>\nau Parc des Princes.<\/p>\n<p>Le <strong>PSG<\/strong> ne sera pas le premier club en<br \/>\n<strong>France<\/strong> \u00e0 terminer une saison sans d\u00e9faite. \u00c0<br \/>\nquatre journ\u00e9es de la fin, le club parisien avait encore un grand<br \/>\nespoir de rentrer dans l\u2019histoire du football fran\u00e7ais. Mais ce<br \/>\nvendredi, \u00e0 l\u2019occasion de la <strong>31e journ\u00e9e de Ligue<br \/>\n1<\/strong>, le <strong><a href=\"https:\/\/canal-supporters.com\/battu-par-nice-1-3-le-psg-perd-son-invincibilite-en-ligue-1\/\" title=\"\" target=\"_blank\" rel=\"noopener\">champion de France a chut\u00e9 \u00e0 domicile<\/a><\/strong> face<br \/>\nune \u00e9quipe de <strong>l\u2019OGC Nice<\/strong> clinique dans la finition<br \/>\n(1-3). Au micro de <strong><a href=\"https:\/\/x.com\/DAZN_FR\" target=\"_blank\" rel=\"noopener\" title=\"\">DAZN<\/a><\/strong>, le<br \/>\nmilieu parisien, <strong>Vitinha<\/strong>, a regrett\u00e9 le manque<br \/>\nd\u2019efficacit\u00e9 des Rouge &amp; Bleu.<\/p>\n<p>\u00ab\u00a0On a<br \/>\neu plusieurs occasions, un peu comme en d\u00e9but de<br \/>\nsaison\u00a0\u00bb<\/p>\n<p>\u00ab\u00a0Nice a \u00e9t\u00e9 r\u00e9aliste. Avec le peu d\u2019occasions qu\u2019ils<br \/>\navaient, ils ont marqu\u00e9 et nous non. On a eu plusieurs occasions,<br \/>\nun peu comme en d\u00e9but de saison, et on n\u2019a pas marqu\u00e9. Oui, je<br \/>\npense que l\u2019efficacit\u00e9 a fait la diff\u00e9rence. On est d\u00e9\u00e7us parce<br \/>\nqu\u2019on voulait ce record d\u2019invincibilit\u00e9 mais ce n\u2019\u00e9tait pas<br \/>\npossible aujourd\u2019hui malheureusement. Il faut focus sur<br \/>\n<strong>Arsenal<\/strong>. Un nouveau but encaiss\u00e9 sur coup de pied<br \/>\narr\u00eat\u00e9, est-ce inqui\u00e9tant avant <strong>Arsenal<\/strong> ? Non, on<br \/>\nsait bien ce que l\u2019on doit faire. On va analyser et tout faire pour<br \/>\nne pas en conc\u00e9der face \u00e0 <strong>Arsenal<\/strong>.\u00a0\u00bb<\/p>\n<\/p>\n<p>Youtube : Canal<br \/>\nSupporters Paris<\/p>\n","protected":false},"excerpt":{"rendered":"Image : psg.fr Ce vendredi, le PSG a mis fin \u00e0 son invincibilit\u00e9 en conc\u00e9dant sa premi\u00e8re d\u00e9faite&hellip;\n","protected":false},"author":2,"featured_media":53563,"comment_status":"","ping_status":"","sticky":false,"template":"","format":"standard","meta":{"footnotes":""},"categories":[2819],"tags":[14693,1111,11,81,787,1777,674,1011,27,66,12,2401,91,92,882,93,13725,13726,12022,25,96,13296,14761],"class_list":{"0":"post-53562","1":"post","2":"type-post","3":"status-publish","4":"format-standard","5":"has-post-thumbnail","7":"category-nice","8":"tag-31e-journee-ligue-1","9":"tag-actu","10":"tag-actualites","11":"tag-canal-supporters","12":"tag-cs","13":"tag-eu","14":"tag-europe","15":"tag-fr","16":"tag-france","17":"tag-ligue-1","18":"tag-news","19":"tag-nice","20":"tag-paris-saint-germain","21":"tag-paris-sg","22":"tag-provence-alpes-cote-dazur","23":"tag-psg","24":"tag-psg-nice","25":"tag-psg-ogcn","26":"tag-reaction-dapres-match","27":"tag-republique-francaise","28":"tag-une","29":"tag-vitinha","30":"tag-vitinha-psg"},"share_on_mastodon":{"url":"https:\/\/pubeurope.com\/@fr\/114402534617451518","error":""},"_links":{"self":[{"href":"https:\/\/www.europesays.com\/fr\/wp-json\/wp\/v2\/posts\/53562","targetHints":{"allow":["GET"]}}],"collection":[{"href":"https:\/\/www.europesays.com\/fr\/wp-json\/wp\/v2\/posts"}],"about":[{"href":"https:\/\/www.europesays.com\/fr\/wp-json\/wp\/v2\/types\/post"}],"author":[{"embeddable":true,"href":"https:\/\/www.europesays.com\/fr\/wp-json\/wp\/v2\/users\/2"}],"replies":[{"embeddable":true,"href":"https:\/\/www.europesays.com\/fr\/wp-json\/wp\/v2\/comments?post=53562"}],"version-history":[{"count":0,"href":"https:\/\/www.europesays.com\/fr\/wp-json\/wp\/v2\/posts\/53562\/revisions"}],"wp:featuredmedia":[{"embeddable":true,"href":"https:\/\/www.europesays.com\/fr\/wp-json\/wp\/v2\/media\/53563"}],"wp:attachment":[{"href":"https:\/\/www.europesays.com\/fr\/wp-json\/wp\/v2\/media?parent=53562"}],"wp:term":[{"taxonomy":"category","embeddable":true,"href":"https:\/\/www.europesays.com\/fr\/wp-json\/wp\/v2\/categories?post=53562"},{"taxonomy":"post_tag","embeddable":true,"href":"https:\/\/www.europesays.com\/fr\/wp-json\/wp\/v2\/tags?post=53562"}],"curies":[{"name":"wp","href":"https:\/\/api.w.org\/{rel}","templated":true}]}}