{"id":535625,"date":"2025-11-15T08:54:11","date_gmt":"2025-11-15T08:54:11","guid":{"rendered":"https:\/\/www.europesays.com\/fr\/535625\/"},"modified":"2025-11-15T08:54:11","modified_gmt":"2025-11-15T08:54:11","slug":"jusqua-100-mm-deau-sur-ces-secteurs","status":"publish","type":"post","link":"https:\/\/www.europesays.com\/fr\/535625\/","title":{"rendered":"jusqu&rsquo;\u00e0 100 mm d&rsquo;eau sur ces secteurs"},"content":{"rendered":"<p>                    Par<br \/>\n        <strong><br \/>\n            <a href=\"https:\/\/actu.fr\/auteur\/mathias-souteyrat\" title=\"Consulter tous les articles de Mathias Souteyrat\" target=\"_blank\" rel=\"noopener\">Mathias Souteyrat<\/a><br \/>\n                    <\/strong><\/p>\n<p>        Publi\u00e9 le<\/p>\n<p>            14 nov. 2025 \u00e0 22h45        <\/p>\n<p>M\u00e9t\u00e9o France place l\u2019Ard\u00e8che, la <a href=\"https:\/\/actu.fr\/auvergne-rhone-alpes\/loire_42\" target=\"_blank\" rel=\"noopener\">Loire<\/a> et le <a href=\"https:\/\/actu.fr\/auvergne-rhone-alpes\/rhone_69\" target=\"_blank\" rel=\"noopener\">Rh\u00f4ne<\/a> en vigilance orange pluie-inondation jusqu\u2019au samedi 15 novembre \u00e0 midi.<\/p>\n<p class=\" wall-content\">\u00ab\u2009Une zone de <strong>pluie orageuse<\/strong> concerne actuellement les r\u00e9gions du Massif central et va gagner les d\u00e9partements plac\u00e9s en vigilance orange au cours des prochaines heures\u2009\u00bb, pr\u00e9cise l\u2019agence m\u00e9t\u00e9orologique.<\/p>\n<p>40 \u00e0 60\u00a0mm sur la m\u00e9tropole st\u00e9phanoise<\/p>\n<blockquote class=\"ac-article-quote wall-content\">\n<p>De fortes pr\u00e9cipitations sont attendues principalement dans le sud, sud-est du d\u00e9partement. Des cumuls de pluie sur la totalit\u00e9 de l\u2019\u00e9v\u00e9nement sont \u00e0 pr\u00e9voir, de 50 \u00e0 100 mm sur le Pilat et le bassin du Gier, de 40 \u00e0 60 mm sur la m\u00e9tropole st\u00e9phanoise.<\/p>\n<p>    <strong>Pr\u00e9fecture de la Loire<\/strong>\n            <\/p><\/blockquote>\n<p class=\" wall-content\">Les intensit\u00e9s pluviom\u00e9triques pourront atteindre 20 \u2013 30\u00a0mm\/h.<\/p>\n<p>Le Gier et des cours d\u2019eau du Pilat pourraient fortement monter<\/p>\n<p class=\" wall-content\">Le Gier et des cours d\u2019eau du Pilat pourraient voir leurs niveaux monter de fa\u00e7on significative et rapide.<\/p>\n<blockquote class=\"ac-article-quote wall-content\">\n<p>Les cumuls attendus sur l&rsquo;\u00e9pisode sont de l&rsquo;ordre de 50 \u00e0 70 mm sur le Lyonnais et la vall\u00e9e du Gier (cumuls revus \u00e0 la baisse par rapport \u00e0 hier), 70 \u00e0 100 mm sur les Monts du Pilat et le nord-Vivarais, jusqu&rsquo;\u00e0 120 \u00e0 180 mm sur la C\u00e9venne ard\u00e9choise.<\/p>\n<p>    <strong>M\u00e9t\u00e9o France<\/strong>\n            <\/p><\/blockquote>\n<p class=\" wall-content\">\u00ab\u00a0Les pluies, parfois orageuses, vont se poursuivre au cours des prochaines heures des C\u00e9vennes au Lyonnais en passant par le Vivarais, le Pilat, le sud et l\u2019est du d\u00e9partement du Rh\u00f4ne. Les intensit\u00e9s pluvieuses seront parfois fortes (de l\u2019ordre de 20 \u00e0 30 mm\/h). On n\u2019attend pas de v\u00e9ritable accalmie avant la mi-journ\u00e9e sur ces zones.\u00a0\u00bb<\/p>\n<p>Votre r\u00e9gion, votre actu !<\/p>\n<p>Recevez chaque jour les infos qui comptent pour vous.<\/p>\n<p>\t<a href=\"https:\/\/actu.fr\/newsletter\" class=\"ac-btn ac-btn--corner ac-btn--medium ac-btn--blue800\" target=\"_blank\" rel=\"noopener\">S&rsquo;incrire<\/a><\/p>\n<p class=\" wall-content\">\u00ab\u2009Merci de bien vouloir relayer ces informations et de d\u00e9conseiller les activit\u00e9s aux abords des cours d\u2019eau, en particulier les activit\u00e9s nautiques\u2009\u00bb, pr\u00e9vient la pr\u00e9fecture lig\u00e9rienne.<\/p>\n<p class=\" wall-content\">Personnalisez votre actualit\u00e9 en ajoutant vos villes et m\u00e9dias en favori avec <a href=\"https:\/\/moncompte.actu.fr\" title=\"D\u00e9couvez Mon Actu\" rel=\"nofollow noopener\" data-trk=\"{&quot;cta&quot;:{&quot;action&quot;:&quot;https:\\\/\\\/moncompte.actu.fr&quot;,&quot;category&quot;:&quot;mon compte&quot;,&quot;from&quot;:&quot;article footer&quot;,&quot;name&quot;:&quot;Mon actu&quot;,&quot;type&quot;:&quot;cta&quot;}}\" target=\"_blank\">Mon Actu<\/a>.<\/p>\n","protected":false},"excerpt":{"rendered":"Par Mathias Souteyrat Publi\u00e9 le 14 nov. 2025 \u00e0 22h45 M\u00e9t\u00e9o France place l\u2019Ard\u00e8che, la Loire et le&hellip;\n","protected":false},"author":2,"featured_media":491741,"comment_status":"","ping_status":"","sticky":false,"template":"","format":"standard","meta":{"footnotes":""},"categories":[9653],"tags":[1111,11,2430,1777,674,1011,27,3059,2487,2357,12,4594,25,4001],"class_list":{"0":"post-535625","1":"post","2":"type-post","3":"status-publish","4":"format-standard","5":"has-post-thumbnail","7":"category-saint-etienne","8":"tag-actu","9":"tag-actualites","10":"tag-auvergne-rhone-alpes","11":"tag-eu","12":"tag-europe","13":"tag-fr","14":"tag-france","15":"tag-intemperies","16":"tag-meteo","17":"tag-meteo-france","18":"tag-news","19":"tag-orages","20":"tag-republique-francaise","21":"tag-saint-etienne"},"share_on_mastodon":{"url":"https:\/\/pubeurope.com\/@fr\/115552876224445419","error":""},"_links":{"self":[{"href":"https:\/\/www.europesays.com\/fr\/wp-json\/wp\/v2\/posts\/535625","targetHints":{"allow":["GET"]}}],"collection":[{"href":"https:\/\/www.europesays.com\/fr\/wp-json\/wp\/v2\/posts"}],"about":[{"href":"https:\/\/www.europesays.com\/fr\/wp-json\/wp\/v2\/types\/post"}],"author":[{"embeddable":true,"href":"https:\/\/www.europesays.com\/fr\/wp-json\/wp\/v2\/users\/2"}],"replies":[{"embeddable":true,"href":"https:\/\/www.europesays.com\/fr\/wp-json\/wp\/v2\/comments?post=535625"}],"version-history":[{"count":0,"href":"https:\/\/www.europesays.com\/fr\/wp-json\/wp\/v2\/posts\/535625\/revisions"}],"wp:featuredmedia":[{"embeddable":true,"href":"https:\/\/www.europesays.com\/fr\/wp-json\/wp\/v2\/media\/491741"}],"wp:attachment":[{"href":"https:\/\/www.europesays.com\/fr\/wp-json\/wp\/v2\/media?parent=535625"}],"wp:term":[{"taxonomy":"category","embeddable":true,"href":"https:\/\/www.europesays.com\/fr\/wp-json\/wp\/v2\/categories?post=535625"},{"taxonomy":"post_tag","embeddable":true,"href":"https:\/\/www.europesays.com\/fr\/wp-json\/wp\/v2\/tags?post=535625"}],"curies":[{"name":"wp","href":"https:\/\/api.w.org\/{rel}","templated":true}]}}