{"id":535638,"date":"2025-11-15T09:04:39","date_gmt":"2025-11-15T09:04:39","guid":{"rendered":"https:\/\/www.europesays.com\/fr\/535638\/"},"modified":"2025-11-15T09:04:39","modified_gmt":"2025-11-15T09:04:39","slug":"mon-heros-mon-sauveur-un-magicien-danciens-patients-rendent-hommage-au-neuropediatre-de-rouen-dominique-parain","status":"publish","type":"post","link":"https:\/\/www.europesays.com\/fr\/535638\/","title":{"rendered":"\u00ab\u00a0Mon h\u00e9ros, mon sauveur\u00a0\u00bb, \u00ab\u00a0un magicien\u00a0\u00bb : d&rsquo;anciens patients rendent hommage au neurop\u00e9diatre de Rouen Dominique Parain"},"content":{"rendered":"<p>Apr\u00e8s l&rsquo;annonce de la mort du neurop\u00e9diatre de Rouen Dominique Parain, d&rsquo;anciens patients souffrant du syndrome d&rsquo;Ehlers-Danlos rendent hommage \u00e0 leur ancien m\u00e9decin.<\/p>\n<p>Une c\u00e9r\u00e9monie en hommage \u00e0 Dominique Parain aura lieu ce vendredi matin 14 novembre \u00e0 10h45, en l\u2019\u00e9glise de la Sainte-Trinit\u00e9 \u00e0 Bois-Guillaume (Seine-Maritime). Le neurop\u00e9diatre rouennais est mort vendredi 7 novembre \u00e0 79 ans des suites d&rsquo;un cancer du pancr\u00e9as. Pendant pr\u00e8s de 30 ans, au CHU de Rouen et \u00e0 la clinique de l&rsquo;Europe, il a utilis\u00e9 la stimulation magn\u00e9tique pour traiter des patients souffrant du syndrome d&rsquo;Ehlers-Danlos, une anomalie rare du tissu conjonctif qui peut se traduire par des paralysies, des faiblesses musculaires, des probl\u00e8mes de peau ou de la vue.<\/p>\n<p>La stimulation magn\u00e9tique est un acte m\u00e9dical qui n&rsquo;est pas valid\u00e9 par la Haute autorit\u00e9 de sant\u00e9, l&rsquo;Assurance maladie avait donc d\u00e9cid\u00e9 en 2023 de ne plus rembourser les s\u00e9ances pratiqu\u00e9es par le neurologue rouennais (qui exer\u00e7ait encore \u00e0 77 ans).<\/p>\n<p>Apr\u00e8s l&rsquo;annonce de sa mort, ses anciens patients rendent hommage \u00e0 un homme \u00e0 l&rsquo;\u00e9coute, qui a chang\u00e9 leur vie et posant un diagnostic, beaucoup seront d&rsquo;ailleurs pr\u00e9sents ce vendredi \u00e0 ses obs\u00e8ques.<\/p>\n<p>La famille de Dominique Parain ne souhaite pas de fleurs, mais encourage \u00e0 faire un don \u00e0 la\u00a0<a target=\"_blank\" rel=\"nofollow noopener noreferrer\" class=\"IciLink ici-link IciArticleLink g-ici-body-regular-1 underline brand svelte-lu7k6w\" href=\"https:\/\/www.fondation-charlesnicolle.fr\/\">Fondation Charles Nicolle<\/a>, <strong>pour la recherche contre le cancer du pancr\u00e9as.<\/strong><\/p>\n","protected":false},"excerpt":{"rendered":"Apr\u00e8s l&rsquo;annonce de la mort du neurop\u00e9diatre de Rouen Dominique Parain, d&rsquo;anciens patients souffrant du syndrome d&rsquo;Ehlers-Danlos rendent&hellip;\n","protected":false},"author":2,"featured_media":535639,"comment_status":"","ping_status":"","sticky":false,"template":"","format":"standard","meta":{"footnotes":""},"categories":[9587],"tags":[1111,11,1777,674,1011,27,12,5161,25,9590],"class_list":{"0":"post-535638","1":"post","2":"type-post","3":"status-publish","4":"format-standard","5":"has-post-thumbnail","7":"category-rouen","8":"tag-actu","9":"tag-actualites","10":"tag-eu","11":"tag-europe","12":"tag-fr","13":"tag-france","14":"tag-news","15":"tag-normandie","16":"tag-republique-francaise","17":"tag-rouen"},"share_on_mastodon":{"url":"https:\/\/pubeurope.com\/@fr\/115552915926741048","error":""},"_links":{"self":[{"href":"https:\/\/www.europesays.com\/fr\/wp-json\/wp\/v2\/posts\/535638","targetHints":{"allow":["GET"]}}],"collection":[{"href":"https:\/\/www.europesays.com\/fr\/wp-json\/wp\/v2\/posts"}],"about":[{"href":"https:\/\/www.europesays.com\/fr\/wp-json\/wp\/v2\/types\/post"}],"author":[{"embeddable":true,"href":"https:\/\/www.europesays.com\/fr\/wp-json\/wp\/v2\/users\/2"}],"replies":[{"embeddable":true,"href":"https:\/\/www.europesays.com\/fr\/wp-json\/wp\/v2\/comments?post=535638"}],"version-history":[{"count":0,"href":"https:\/\/www.europesays.com\/fr\/wp-json\/wp\/v2\/posts\/535638\/revisions"}],"wp:featuredmedia":[{"embeddable":true,"href":"https:\/\/www.europesays.com\/fr\/wp-json\/wp\/v2\/media\/535639"}],"wp:attachment":[{"href":"https:\/\/www.europesays.com\/fr\/wp-json\/wp\/v2\/media?parent=535638"}],"wp:term":[{"taxonomy":"category","embeddable":true,"href":"https:\/\/www.europesays.com\/fr\/wp-json\/wp\/v2\/categories?post=535638"},{"taxonomy":"post_tag","embeddable":true,"href":"https:\/\/www.europesays.com\/fr\/wp-json\/wp\/v2\/tags?post=535638"}],"curies":[{"name":"wp","href":"https:\/\/api.w.org\/{rel}","templated":true}]}}