{"id":535642,"date":"2025-11-15T09:06:12","date_gmt":"2025-11-15T09:06:12","guid":{"rendered":"https:\/\/www.europesays.com\/fr\/535642\/"},"modified":"2025-11-15T09:06:12","modified_gmt":"2025-11-15T09:06:12","slug":"loeil-de-niko-le-rc-vannes-recoit-grenoble-a-rennes","status":"publish","type":"post","link":"https:\/\/www.europesays.com\/fr\/535642\/","title":{"rendered":"L\u2019\u0153il de Niko\u00a0: le RC Vannes re\u00e7oit Grenoble\u2026 \u00e0 Rennes"},"content":{"rendered":"<p>C\u2019est un match \u00e0 domicile\u2026 \u00e0 Rennes. Le <a href=\"https:\/\/www.letelegramme.fr\/sports\/rugby\/rc-vannes\/rc-vannes-grenoble-gorrissen-postule-pedemonte-forfait-le-point-sur-les-blesses-au-rcv-6928345.php\" rel=\"nofollow noopener\" target=\"_blank\">RC Vannes re\u00e7oit Grenoble<\/a>, dimanche 16 novembre, au Roazhon Park. L\u2019antre habituel du Stade Rennais accueille un match de rugby pour la premi\u00e8re fois depuis 2016. Des perches de cinq m\u00e8tres de haut remplaceront les cages de football, des lignes blanches seront trac\u00e9es au niveau des 22 m\u00e8tres. Les joueurs du RCV quittent leur terre d\u2019ovalie pour celle du ballon rond\u2026 et <a href=\"https:\/\/www.letelegramme.fr\/ille-et-vilaine\/rennes-35000\/a-rennes-ils-veulent-battre-le-record-de-la-plus-longue-galette-saucisse-6763449.php\" rel=\"nofollow noopener\" target=\"_blank\">l\u2019univers de la galette-saucisse<\/a>, tradition bien ancr\u00e9e autour du stade. \u00c7a valait bien un petit brief du coach, comme l\u2019a imagin\u00e9 notre dessinateur Niko.<\/p>\n","protected":false},"excerpt":{"rendered":"C\u2019est un match \u00e0 domicile\u2026 \u00e0 Rennes. Le RC Vannes re\u00e7oit Grenoble, dimanche 16 novembre, au Roazhon Park.&hellip;\n","protected":false},"author":2,"featured_media":535643,"comment_status":"","ping_status":"","sticky":false,"template":"","format":"standard","meta":{"footnotes":""},"categories":[9566],"tags":[1111,11,2430,1777,674,1011,27,2731,65497,12,25,3165],"class_list":{"0":"post-535642","1":"post","2":"type-post","3":"status-publish","4":"format-standard","5":"has-post-thumbnail","7":"category-grenoble","8":"tag-actu","9":"tag-actualites","10":"tag-auvergne-rhone-alpes","11":"tag-eu","12":"tag-europe","13":"tag-fr","14":"tag-france","15":"tag-grenoble","16":"tag-loeil-de-niko","17":"tag-news","18":"tag-republique-francaise","19":"tag-vannes"},"share_on_mastodon":{"url":"https:\/\/pubeurope.com\/@fr\/115552923531975106","error":""},"_links":{"self":[{"href":"https:\/\/www.europesays.com\/fr\/wp-json\/wp\/v2\/posts\/535642","targetHints":{"allow":["GET"]}}],"collection":[{"href":"https:\/\/www.europesays.com\/fr\/wp-json\/wp\/v2\/posts"}],"about":[{"href":"https:\/\/www.europesays.com\/fr\/wp-json\/wp\/v2\/types\/post"}],"author":[{"embeddable":true,"href":"https:\/\/www.europesays.com\/fr\/wp-json\/wp\/v2\/users\/2"}],"replies":[{"embeddable":true,"href":"https:\/\/www.europesays.com\/fr\/wp-json\/wp\/v2\/comments?post=535642"}],"version-history":[{"count":0,"href":"https:\/\/www.europesays.com\/fr\/wp-json\/wp\/v2\/posts\/535642\/revisions"}],"wp:featuredmedia":[{"embeddable":true,"href":"https:\/\/www.europesays.com\/fr\/wp-json\/wp\/v2\/media\/535643"}],"wp:attachment":[{"href":"https:\/\/www.europesays.com\/fr\/wp-json\/wp\/v2\/media?parent=535642"}],"wp:term":[{"taxonomy":"category","embeddable":true,"href":"https:\/\/www.europesays.com\/fr\/wp-json\/wp\/v2\/categories?post=535642"},{"taxonomy":"post_tag","embeddable":true,"href":"https:\/\/www.europesays.com\/fr\/wp-json\/wp\/v2\/tags?post=535642"}],"curies":[{"name":"wp","href":"https:\/\/api.w.org\/{rel}","templated":true}]}}