{"id":535647,"date":"2025-11-15T09:09:24","date_gmt":"2025-11-15T09:09:24","guid":{"rendered":"https:\/\/www.europesays.com\/fr\/535647\/"},"modified":"2025-11-15T09:09:24","modified_gmt":"2025-11-15T09:09:24","slug":"cest-moi-le-patron","status":"publish","type":"post","link":"https:\/\/www.europesays.com\/fr\/535647\/","title":{"rendered":"C&rsquo;est moi le Patron !"},"content":{"rendered":"<p><img loading=\"lazy\" decoding=\"async\" class=\"\" src=\"https:\/\/www.europesays.com\/fr\/wp-content\/uploads\/2025\/11\/23b18482-a273-4edb-bc8a-3cb488b16f25.jpg\" alt=\"TOP MUSIC\" width=\"1\" height=\"1\"\/><\/p>\n<p class=\"date\">6h00 &#8211; 6 min 55 sec<\/p>\n<p>C&rsquo;est moi le Patron ! &#8211; Les Compotes<\/p>\n<p>Marie-Elisabeth North a lanc\u00e9 les Compotes \u00e0 Strasbourg en juillet 2021. L&rsquo;id\u00e9e : <strong>un espace de co-working qui fait aussi de caf\u00e9 ouvert \u00e0 tous<\/strong>. Le tout donne un \u00ab\u00a0joyeux bordel\u00a0\u00bb pour reprendre ses termes, \u00e0 savoir un lieu de vie, un espace ouvert o\u00f9 clients et entrepreneurs peuvent \u00e9changer autour d&rsquo;\u00e9v\u00e9nements, avec pourquoi pas, de bonnes id\u00e9es \u00e0 exploiter.<strong> D\u00e9but 2026, les Compotes ouvrent une antenne \u00e0 Mulhouse, place de la Bourse<\/strong>.<\/p>\n<p>&gt; <a href=\"https:\/\/youtu.be\/JopAPQGLQ44\" rel=\"nofollow noopener\" target=\"_blank\">L&rsquo;\u00e9pisode en vid\u00e9o ici<\/a> <\/p>\n","protected":false},"excerpt":{"rendered":"6h00 &#8211; 6 min 55 sec C&rsquo;est moi le Patron ! &#8211; Les Compotes Marie-Elisabeth North a lanc\u00e9&hellip;\n","protected":false},"author":2,"featured_media":535648,"comment_status":"","ping_status":"","sticky":false,"template":"","format":"standard","meta":{"footnotes":""},"categories":[2820],"tags":[1111,11,1777,674,1011,27,775,12,3725,25,640],"class_list":{"0":"post-535647","1":"post","2":"type-post","3":"status-publish","4":"format-standard","5":"has-post-thumbnail","7":"category-strasbourg","8":"tag-actu","9":"tag-actualites","10":"tag-eu","11":"tag-europe","12":"tag-fr","13":"tag-france","14":"tag-grand-est","15":"tag-news","16":"tag-podcast","17":"tag-republique-francaise","18":"tag-strasbourg"},"share_on_mastodon":{"url":"https:\/\/pubeurope.com\/@fr\/115552935828207474","error":""},"_links":{"self":[{"href":"https:\/\/www.europesays.com\/fr\/wp-json\/wp\/v2\/posts\/535647","targetHints":{"allow":["GET"]}}],"collection":[{"href":"https:\/\/www.europesays.com\/fr\/wp-json\/wp\/v2\/posts"}],"about":[{"href":"https:\/\/www.europesays.com\/fr\/wp-json\/wp\/v2\/types\/post"}],"author":[{"embeddable":true,"href":"https:\/\/www.europesays.com\/fr\/wp-json\/wp\/v2\/users\/2"}],"replies":[{"embeddable":true,"href":"https:\/\/www.europesays.com\/fr\/wp-json\/wp\/v2\/comments?post=535647"}],"version-history":[{"count":0,"href":"https:\/\/www.europesays.com\/fr\/wp-json\/wp\/v2\/posts\/535647\/revisions"}],"wp:featuredmedia":[{"embeddable":true,"href":"https:\/\/www.europesays.com\/fr\/wp-json\/wp\/v2\/media\/535648"}],"wp:attachment":[{"href":"https:\/\/www.europesays.com\/fr\/wp-json\/wp\/v2\/media?parent=535647"}],"wp:term":[{"taxonomy":"category","embeddable":true,"href":"https:\/\/www.europesays.com\/fr\/wp-json\/wp\/v2\/categories?post=535647"},{"taxonomy":"post_tag","embeddable":true,"href":"https:\/\/www.europesays.com\/fr\/wp-json\/wp\/v2\/tags?post=535647"}],"curies":[{"name":"wp","href":"https:\/\/api.w.org\/{rel}","templated":true}]}}