{"id":535669,"date":"2025-11-15T09:21:11","date_gmt":"2025-11-15T09:21:11","guid":{"rendered":"https:\/\/www.europesays.com\/fr\/535669\/"},"modified":"2025-11-15T09:21:11","modified_gmt":"2025-11-15T09:21:11","slug":"sur-scene-tout-vient-du-coeur","status":"publish","type":"post","link":"https:\/\/www.europesays.com\/fr\/535669\/","title":{"rendered":"\u00ab Sur sc\u00e8ne, tout vient du c\u0153ur \u00bb"},"content":{"rendered":"\n<p><b>La Marseillaise<\/b><b>\u00a0<\/b><b>: <\/b><b>\u00ab<\/b><b>\u00a0<\/b><b>60 ans d\u2019amour<\/b><b>\u00a0<\/b><b>\u00bb est le nom de votre tourn\u00e9e, c\u2019est aussi 60 ans de carri\u00e8re. Que repr\u00e9sentent pour vous toutes ces ann\u00e9es<\/b><b>\u00a0<\/b><b>? <\/b><b\/><\/p>\n<p><b>Mireille Mathieu<\/b><b>\u00a0<\/b><b>:<\/b> Je n\u2019y pense pas vraiment. Je le f\u00eate, en effet, mais je ne pense pas au fait que \u00e7a fait 60 ans que je fais ce m\u00e9tier. J\u2019ai la chance de vivre de ma passion, donc j\u2019en profite pleinement.<\/p>\n<p><b>C\u2019est quoi, selon vous, le secret de votre long\u00e9vit\u00e9 dans un monde, et notamment l\u2019industrie musicale, qui va de plus en plus vite<\/b><b>\u00a0<\/b><b>?<\/b><b\/><\/p>\n<p><b>M.M.<\/b><b>\u00a0<\/b><b>: <\/b>C\u2019est gr\u00e2ce au public que j\u2019en suis l\u00e0, d\u2019abord. Mais aussi parce que je m\u00e8ne ma vie de mani\u00e8re tr\u00e8s disciplin\u00e9e. J\u2019aime \u00e7a, j\u2019ai besoin de \u00e7a et, chaque jour, je fais mes vocalises pour pr\u00e9server ma voix. Je compare souvent mon m\u00e9tier \u00e0 celui d\u2019un sportif qui a besoin d\u2019entra\u00eenement quotidien. C\u2019est comme cela que je le con\u00e7ois.<\/p>\n<p><b>Votre tourn\u00e9e s\u2019accompagne du best-of \u00ab<\/b><b>\u00a0<\/b><b>Mon Credo<\/b><b>\u00a0<\/b><b>\u00bb, sorti au d\u00e9but du mois d\u2019octobre, dans laquelle il y a des in\u00e9dits et des chansons rares. C\u2019\u00e9tait important, pour vous, d\u2019offrir <br \/>de la nouveaut\u00e9 \u00e0 votre public<\/b><b>\u00a0<\/b><b>? <\/b><b\/><\/p>\n<p><b>M.M.<\/b><b>\u00a0<\/b><b>: <\/b>C\u2019est un triple CD, un objet collector qui est tr\u00e8s beau \u00e0 voir. On retrouve des chansons que le public aime, comme Mon Credo, qui est d\u2019ailleurs la chanson de mes d\u00e9buts \u00e9crite par mon premier chef d\u2019orchestre, Paul Mauriat, un Marseillais qui a travaill\u00e9 avec Aznavour et qui s\u2019est occup\u00e9 de moi, \u00e0 mes d\u00e9buts. J\u2019interpr\u00e8te aussi des chansons allemandes en fran\u00e7ais et certaines qui, sur sc\u00e8ne, marchent tr\u00e8s bien, dont L\u2019Amour en robe noire, qui est un hommage \u00e0 Edith Piaf.<\/p>\n<p><b>\u00e0<\/b><b> vos d\u00e9buts, vous \u00e9tiez d\u2019ailleurs beaucoup compar\u00e9e \u00e0 Edith Piaf&#8230; <\/b><b\/><\/p>\n<p><b>M.M.<\/b><b>\u00a0<\/b><b>: <\/b>Oui, parce qu\u2019\u00e0 mes d\u00e9buts dans \u00ab\u00a0Le Jeu de la Chance\u00a0\u00bb, c\u2019est l\u00e0 que j\u2019ai \u00e9t\u00e9 d\u00e9couverte d\u2019ailleurs, je n\u2019interpr\u00e9tais que des chansons d\u2019Edith Piaf puisque je n\u2019avais pas encore de r\u00e9pertoire. Ce n\u2019est qu\u2019apr\u00e8s qu\u2019on m\u2019a habill\u00e9e sur mesure.<\/p>\n<p><b>Vous avez deux dates \u00e0 Avignon, votre ville natale. Que signifie pour vous ce retour devant un public qui vous a vu na\u00eetre<\/b><b>\u00a0<\/b><b>?<\/b><b\/><\/p>\n<p><b>M.M.<\/b><b>\u00a0<\/b><b>: <\/b>C\u2019est incroyable, \u00e7a fait plus de 11\u00a0ans que je ne me suis pas produite \u00e0 Avignon\u00a0! C\u2019est un moment qui sera pour moi une immense \u00e9motion. La derni\u00e8re fois, ma maman, qui \u00e9tait encore de ce monde, \u00e9tait l\u00e0 et je sais que cette fois-ci, l\u2019\u00e9motion sera tr\u00e8s intense. Je suis \u00e9galement ravie et tr\u00e8s honor\u00e9e de revenir \u00e0 Marseille, apr\u00e8s toutes ces ann\u00e9es. Sans compter que le journal La\u00a0Marseillaise m\u2019a accueilli \u00e0 mes d\u00e9buts. J\u2019ai \u00e9t\u00e9 la marraine de l\u2019une des f\u00eates de La\u00a0Marseillaise et je n\u2019en garde que de bons et beaux souvenirs.<\/p>\n<p><b>Vous \u00eates connue dans le monde entier, chantez en 12 langues&#8230; Quel regard portez-vous sur la situation g\u00e9opolitique actuelle<\/b><b>\u00a0<\/b><b>? <\/b><b\/><\/p>\n<p><b>M.M.<\/b><b>\u00a0<\/b><b>: <\/b>Le monde, actuellement, est en \u00e9bullition&#8230; Pour mes dates \u00e0 l\u2019Olympia, le public a repris avec moi Mille Colombes, parce que c\u2019est un message de paix et d\u2019espoir dont nous avons tous besoin et j\u2019esp\u00e8re qu\u2019\u00e0 Marseille ce sera pareil et qu\u2019on pourra casser la Canebi\u00e8re avec nos voix (rires).<\/p>\n<p><b>Justement, \u00ab Mille Colombes<\/b><b>\u00a0<\/b><b>\u00bb<\/b><b> est sortie en 1977, le couplet sur la guerre r\u00e9sonne encore de nos jours. Pensez-vous qu\u2019elle est plus que jamais d\u2019actualit\u00e9<\/b><b>\u00a0<\/b><b>? <\/b><b\/><\/p>\n<p><b>M.M.<\/b><b>\u00a0<\/b><b>: <\/b>\u00e9videmment qu\u2019elle est encore d\u2019actualit\u00e9\u00a0! C\u2019est terrible ce qu\u2019il se passe dans le monde, il y a des guerres de partout. C\u2019est une chanson merveilleuse, dont le texte est simple, vrai. Tout le monde se sent concern\u00e9, touch\u00e9 par cette chanson.<\/p>\n<p><b>La situation politique en France est \u00e9galement tr\u00e8s compliqu\u00e9e&#8230; <\/b><b\/><\/p>\n<p><b>M.M.<\/b><b>\u00a0<\/b><b>: <\/b>Ce n\u2019est pas possible ce qu\u2019il se passe en France, Vous vous rendez compte que des enfants dorment dans la rue, ils n\u2019ont rien \u00e0 manger, ils n\u2019ont pas d\u2019abri, rien\u00a0! Tout \u00e7a dans le pays de la libert\u00e9, dans notre beau pays, qui a un savoir-faire extraordinaire. C\u2019est dommage que nous en soyons arriv\u00e9s l\u00e0.<\/p>\n<p><b>Vous avez re\u00e7u de nombreuses distinctions de chefs d\u2019<\/b><b>\u00c9<\/b><b>tat, vous avez rencontr\u00e9 le Pape Jean-Paul II, vous faites partie du patrimoine et de l\u2019histoire de France&#8230; Vous vous attendiez \u00e0 \u00e7a, \u00e0 vos d\u00e9buts<\/b><b>\u00a0<\/b><b>? <\/b><b\/><\/p>\n<p><b>M.M.<\/b><b>\u00a0<\/b><b>: <\/b>Ah \u00e7a non\u00a0! On ne peut pas s\u2019attendre \u00e0 une si grande notori\u00e9t\u00e9, mais je dois dire que la personne qui m\u2019a le plus impressionn\u00e9e, dans ma carri\u00e8re, c\u2019est le Pape Jean-Paul II. Quand j\u2019ai commenc\u00e9, mon manager Johnny Stark, \u00e0 qui je dois tout, m\u2019avait dit que ce serait difficile. Je le savais, mais je ne pensais pas que \u00e7a le serait autant. C\u2019est une telle rigueur, mais j\u2019ai la chance de vivre en faisant ce que j\u2019aime et ce n\u2019est pas le cas de tout le monde, alors j\u2019en suis tr\u00e8s reconnaissante. Sur sc\u00e8ne, tout vient du c\u0153ur, je n\u2019ai ni prompteur, ni oreillette, je pense que c\u2019est avant tout le regard qui est le reflet de l\u2019\u00e2me et c\u2019est ce que je souhaite partager avec le plus grand nombre.<\/p>\n","protected":false},"excerpt":{"rendered":"La Marseillaise\u00a0: \u00ab\u00a060 ans d\u2019amour\u00a0\u00bb est le nom de votre tourn\u00e9e, c\u2019est aussi 60 ans de carri\u00e8re. Que&hellip;\n","protected":false},"author":2,"featured_media":535670,"comment_status":"","ping_status":"","sticky":false,"template":"","format":"standard","meta":{"footnotes":""},"categories":[2814],"tags":[1111,11,1777,674,1011,27,884,12,882,25,4064],"class_list":{"0":"post-535669","1":"post","2":"type-post","3":"status-publish","4":"format-standard","5":"has-post-thumbnail","7":"category-marseille","8":"tag-actu","9":"tag-actualites","10":"tag-eu","11":"tag-europe","12":"tag-fr","13":"tag-france","14":"tag-marseille","15":"tag-news","16":"tag-provence-alpes-cote-dazur","17":"tag-republique-francaise","18":"tag-week-end"},"share_on_mastodon":{"url":"https:\/\/pubeurope.com\/@fr\/115552982485792231","error":""},"_links":{"self":[{"href":"https:\/\/www.europesays.com\/fr\/wp-json\/wp\/v2\/posts\/535669","targetHints":{"allow":["GET"]}}],"collection":[{"href":"https:\/\/www.europesays.com\/fr\/wp-json\/wp\/v2\/posts"}],"about":[{"href":"https:\/\/www.europesays.com\/fr\/wp-json\/wp\/v2\/types\/post"}],"author":[{"embeddable":true,"href":"https:\/\/www.europesays.com\/fr\/wp-json\/wp\/v2\/users\/2"}],"replies":[{"embeddable":true,"href":"https:\/\/www.europesays.com\/fr\/wp-json\/wp\/v2\/comments?post=535669"}],"version-history":[{"count":0,"href":"https:\/\/www.europesays.com\/fr\/wp-json\/wp\/v2\/posts\/535669\/revisions"}],"wp:featuredmedia":[{"embeddable":true,"href":"https:\/\/www.europesays.com\/fr\/wp-json\/wp\/v2\/media\/535670"}],"wp:attachment":[{"href":"https:\/\/www.europesays.com\/fr\/wp-json\/wp\/v2\/media?parent=535669"}],"wp:term":[{"taxonomy":"category","embeddable":true,"href":"https:\/\/www.europesays.com\/fr\/wp-json\/wp\/v2\/categories?post=535669"},{"taxonomy":"post_tag","embeddable":true,"href":"https:\/\/www.europesays.com\/fr\/wp-json\/wp\/v2\/tags?post=535669"}],"curies":[{"name":"wp","href":"https:\/\/api.w.org\/{rel}","templated":true}]}}