{"id":535675,"date":"2025-11-15T09:26:13","date_gmt":"2025-11-15T09:26:13","guid":{"rendered":"https:\/\/www.europesays.com\/fr\/535675\/"},"modified":"2025-11-15T09:26:13","modified_gmt":"2025-11-15T09:26:13","slug":"les-manifestations-de-ce-samedi-2","status":"publish","type":"post","link":"https:\/\/www.europesays.com\/fr\/535675\/","title":{"rendered":"les manifestations de ce samedi"},"content":{"rendered":"<p>\u00ab\u00a0Aucune jeune personne ne devrait vivre dans la peur\u00a0\u00bb\u00a0: le collectif enfantiste du Rh\u00f4ne appelle \u00e0 un rassemblement pour d\u00e9fendre les droits des enfants ce samedi, 14 heures, place des Terreaux.<\/p>\n<p>  \u00ab\u00a0L\u2019inceste demeure massif\u00a0\u00bb<\/p>\n<p>\u00ab\u00a0Une jeune personne est viol\u00e9e ou agress\u00e9e toutes les 3 minutes. Pourtant seules 3\u00a0% des plaintes aboutissent \u00e0 une condamnation, et \u00e0 peine 1\u00a0% dans les cas d\u2019inceste, qui demeure massif et silencieux\u00a0\u00bb souligne le collectif.<\/p>\n<p>Des manifestations sont organis\u00e9es partout en France\u00a0pour \u00ab\u00a0exiger la fin des violences faites aux enfants et aux adolescents\u00a0\u00bb \u00e0 quelques jours de\u00a0Journ\u00e9e internationale des droits de l\u2019enfant, qui a lieu le 20\u00a0novembre.<\/p>\n<p>C\u2019est en lien aussi avec cette journ\u00e9e que<a href=\"https:\/\/www.leprogres.fr\/societe\/2024\/07\/20\/les-bombardements-sont-quotidiens-le-collectif-69-de-soutien-au-peuple-palestinien-se-mobilise-encore-pour-gaza\" target=\"_blank\" rel=\"nofollow noopener\"> le Collectif 69 de soutien au peuple palestinien<\/a> organise aussi un rassemblement place de la R\u00e9publique, \u00e0 15 heures, pour d\u00e9noncer les milliers d\u2019enfants palestiniens tu\u00e9s ces deux derni\u00e8res ann\u00e9es par les bombardements de l\u2019arm\u00e9e isra\u00e9lienne.<\/p>\n<p>\u00c0 15 heures \u00e9galement, l\u2019association contre le racisme, les violences polici\u00e8res et p\u00e9nitentiaires organise une manifestation depuis la place Bellecour. \u00ab\u00a0Il n\u2019y a pas de justice pour les familles quand le droit \u00e0 la justice p\u00e9nale leur a \u00e9t\u00e9 banni\u00a0\u00bb mettent en avant les familles.<\/p>\n","protected":false},"excerpt":{"rendered":"\u00ab\u00a0Aucune jeune personne ne devrait vivre dans la peur\u00a0\u00bb\u00a0: le collectif enfantiste du Rh\u00f4ne appelle \u00e0 un rassemblement&hellip;\n","protected":false},"author":2,"featured_media":535676,"comment_status":"","ping_status":"","sticky":false,"template":"","format":"standard","meta":{"footnotes":""},"categories":[1889],"tags":[1111,11,2430,2757,1777,674,107,1011,27,2428,2756,12,25,2429,104],"class_list":{"0":"post-535675","1":"post","2":"type-post","3":"status-publish","4":"format-standard","5":"has-post-thumbnail","7":"category-lyon","8":"tag-actu","9":"tag-actualites","10":"tag-auvergne-rhone-alpes","11":"tag-edition-lyon-villeurbanne","12":"tag-eu","13":"tag-europe","14":"tag-fil-info","15":"tag-fr","16":"tag-france","17":"tag-lyon","18":"tag-lyon-bassin","19":"tag-news","20":"tag-republique-francaise","21":"tag-rhone","22":"tag-societe"},"share_on_mastodon":{"url":"https:\/\/pubeurope.com\/@fr\/115553002004099546","error":""},"_links":{"self":[{"href":"https:\/\/www.europesays.com\/fr\/wp-json\/wp\/v2\/posts\/535675","targetHints":{"allow":["GET"]}}],"collection":[{"href":"https:\/\/www.europesays.com\/fr\/wp-json\/wp\/v2\/posts"}],"about":[{"href":"https:\/\/www.europesays.com\/fr\/wp-json\/wp\/v2\/types\/post"}],"author":[{"embeddable":true,"href":"https:\/\/www.europesays.com\/fr\/wp-json\/wp\/v2\/users\/2"}],"replies":[{"embeddable":true,"href":"https:\/\/www.europesays.com\/fr\/wp-json\/wp\/v2\/comments?post=535675"}],"version-history":[{"count":0,"href":"https:\/\/www.europesays.com\/fr\/wp-json\/wp\/v2\/posts\/535675\/revisions"}],"wp:featuredmedia":[{"embeddable":true,"href":"https:\/\/www.europesays.com\/fr\/wp-json\/wp\/v2\/media\/535676"}],"wp:attachment":[{"href":"https:\/\/www.europesays.com\/fr\/wp-json\/wp\/v2\/media?parent=535675"}],"wp:term":[{"taxonomy":"category","embeddable":true,"href":"https:\/\/www.europesays.com\/fr\/wp-json\/wp\/v2\/categories?post=535675"},{"taxonomy":"post_tag","embeddable":true,"href":"https:\/\/www.europesays.com\/fr\/wp-json\/wp\/v2\/tags?post=535675"}],"curies":[{"name":"wp","href":"https:\/\/api.w.org\/{rel}","templated":true}]}}