{"id":535687,"date":"2025-11-15T09:34:19","date_gmt":"2025-11-15T09:34:19","guid":{"rendered":"https:\/\/www.europesays.com\/fr\/535687\/"},"modified":"2025-11-15T09:34:19","modified_gmt":"2025-11-15T09:34:19","slug":"six-morts-a-kiev-dans-une-attaque-russe","status":"publish","type":"post","link":"https:\/\/www.europesays.com\/fr\/535687\/","title":{"rendered":"six morts \u00e0 Kiev dans une attaque russe"},"content":{"rendered":"<p>      lire plus tard<\/p>\n<p id=\"dialog__title\" class=\"dialog__title\">Pour sauvegarder cet article, connectez-vous ou cr\u00e9ez un compte franceinfo<\/p>\n<p class=\"dialog__description\">Sans paiement. Sans abonnement.<\/p>\n<p>        Fermer la fen\u00eatre d\u2019activation des notifications France Info<\/p>\n<p>      cr\u00e9er votre compte<\/p>\n<p>      se connecter<\/p>\n<p>        Fermer la fen\u00eatre de pr\u00e9sentation<\/p>\n<p>    Publi\u00e9 le 15\/11\/2025 09:32<\/p>\n<p>        Temps de lecture : 1min &#8211; vid\u00e9o : 1min<\/p>\n<p>    <img decoding=\"async\" class=\"francetv-player-wrapper__image\" alt=\"Guerre en Ukraine : six morts \u00e0 Kiev dans une attaque russe\"  width=\"432\" height=\"243\" src=\"https:\/\/www.europesays.com\/fr\/wp-content\/uploads\/2025\/11\/bombardements-kiev-69183a41c2eb4661497869.jpg\" fetchpriority=\"high\"\/><\/p>\n<p>              Guerre en Ukraine : six morts \u00e0 Kiev dans une attaque russe<br \/>\n                    (franceinfo)<\/p>\n<p>      1min<\/p>\n<p>\n  En Ukraine, six morts sont \u00e0 d\u00e9plorer apr\u00e8s une nouvelle nuit d&rsquo;intenses bombardements russes \u00e0 Kiev et pr\u00e8s du port d&rsquo;Odessa. Le Chancelier allemand a annonc\u00e9 de nouvelles sanctions contre la Russie.\n<\/p>\n<p><strong>Ce texte correspond \u00e0 une partie de la retranscription du reportage ci-dessus. Cliquez sur la vid\u00e9o pour la regarder en int\u00e9gralit\u00e9.<\/strong><\/p>\n<p>Le ciel de Kiev en proie aux explosions dans la nuit de jeudi 13 \u00e0 vendredi 14 novembre. <a href=\"https:\/\/www.franceinfo.fr\/monde\/europe\/manifestations-en-ukraine\/guerre-en-ukraine-une-nuit-de-bombardements-intenses-a-kiev-au-moins-dix-morts_7616159.html\" data-tooltip-url=\"https:\/\/www.franceinfo.fr\/monde\/europe\/manifestations-en-ukraine\/guerre-en-ukraine-une-nuit-de-bombardements-intenses-a-kiev-au-moins-dix-morts_7616159.html\" rel=\"nofollow noopener\" target=\"_blank\">Un d\u00e9luge de feu<\/a> s&rsquo;abat sur la capitale ukrainienne. 430 drones lanc\u00e9s en une seule nuit sur le pays avec en ligne de mire Kiev, l&rsquo;une des pires attaques sur la capitale ukrainienne d&rsquo;apr\u00e8s le gouvernement. Dans ces zones r\u00e9sidentielles, des habitations enti\u00e8rement d\u00e9truites et des familles d\u00e9cim\u00e9es.<\/p>\n<p>Un habitant compte les morts parmi les siens : \u00ab\u00a0Quand je suis entr\u00e9, j&rsquo;ai compris. Il n&rsquo;y avait plus de mur. Tout \u00e9tait d\u00e9truit. Ma m\u00e8re \u00e9tait allong\u00e9e l\u00e0. Elle est morte sur le coup, comme mon p\u00e8re\u00a0\u00bb. Au total, six personnes sont mortes, en plus d&rsquo;une trentaine de bless\u00e9s. De son c\u00f4t\u00e9, la Russie annonce avoir vis\u00e9 des installations militaires et \u00e9nerg\u00e9tiques de l&rsquo;Ukraine.<\/p>\n<p>En marge d&rsquo;une conf\u00e9rence de presse \u00e0 Berlin, le chancelier allemand Friedrich Merz r\u00e9affirme le soutien de l&rsquo;Union europ\u00e9enne \u00e0 l&rsquo;Ukraine et annonce la pr\u00e9paration d&rsquo;un nouveau paquet de sanctions contre la Russie.<\/p>\n","protected":false},"excerpt":{"rendered":"lire plus tard Pour sauvegarder cet article, connectez-vous ou cr\u00e9ez un compte franceinfo Sans paiement. Sans abonnement. Fermer&hellip;\n","protected":false},"author":2,"featured_media":535688,"comment_status":"","ping_status":"","sticky":false,"template":"","format":"standard","meta":{"footnotes":""},"categories":[1591],"tags":[11,1887,12,1885,1886,132],"class_list":{"0":"post-535687","1":"post","2":"type-post","3":"status-publish","4":"format-standard","5":"has-post-thumbnail","7":"category-russie","8":"tag-actualites","9":"tag-federation-de-russie","10":"tag-news","11":"tag-russia","12":"tag-russian-federation","13":"tag-russie"},"share_on_mastodon":{"url":"https:\/\/pubeurope.com\/@fr\/115553033756456982","error":""},"_links":{"self":[{"href":"https:\/\/www.europesays.com\/fr\/wp-json\/wp\/v2\/posts\/535687","targetHints":{"allow":["GET"]}}],"collection":[{"href":"https:\/\/www.europesays.com\/fr\/wp-json\/wp\/v2\/posts"}],"about":[{"href":"https:\/\/www.europesays.com\/fr\/wp-json\/wp\/v2\/types\/post"}],"author":[{"embeddable":true,"href":"https:\/\/www.europesays.com\/fr\/wp-json\/wp\/v2\/users\/2"}],"replies":[{"embeddable":true,"href":"https:\/\/www.europesays.com\/fr\/wp-json\/wp\/v2\/comments?post=535687"}],"version-history":[{"count":0,"href":"https:\/\/www.europesays.com\/fr\/wp-json\/wp\/v2\/posts\/535687\/revisions"}],"wp:featuredmedia":[{"embeddable":true,"href":"https:\/\/www.europesays.com\/fr\/wp-json\/wp\/v2\/media\/535688"}],"wp:attachment":[{"href":"https:\/\/www.europesays.com\/fr\/wp-json\/wp\/v2\/media?parent=535687"}],"wp:term":[{"taxonomy":"category","embeddable":true,"href":"https:\/\/www.europesays.com\/fr\/wp-json\/wp\/v2\/categories?post=535687"},{"taxonomy":"post_tag","embeddable":true,"href":"https:\/\/www.europesays.com\/fr\/wp-json\/wp\/v2\/tags?post=535687"}],"curies":[{"name":"wp","href":"https:\/\/api.w.org\/{rel}","templated":true}]}}