{"id":535691,"date":"2025-11-15T09:36:16","date_gmt":"2025-11-15T09:36:16","guid":{"rendered":"https:\/\/www.europesays.com\/fr\/535691\/"},"modified":"2025-11-15T09:36:16","modified_gmt":"2025-11-15T09:36:16","slug":"palmares-qui-a-deja-gagne-le-sx-de-paris","status":"publish","type":"post","link":"https:\/\/www.europesays.com\/fr\/535691\/","title":{"rendered":"Palmar\u00e8s : Qui a d\u00e9j\u00e0 gagn\u00e9 le SX de Paris ?"},"content":{"rendered":"\n<p><strong>La 42e \u00e9dition du SX de Paris accueillera-t-elle un nouveau vainqueur au palmar\u00e8s de l\u2019\u00e9preuve ? Seuls Cooper Webb et Jett Lawrence peuvent emp\u00eacher cela, car ils sont les seuls anciens laur\u00e9ats pr\u00e9sents ce week-end. D\u00e9couvrez ci-dessous les 28 pilotes, six constructeurs et cinq pays qui ont d\u00e9j\u00e0 remport\u00e9 le plus grand des Supercross europ\u00e9ens.<\/strong><\/p>\n<p>Vainqueurs par ann\u00e9e<\/p>\n<p>2024 \u2013 Cooper Webb (USA, Yamaha)<br \/>2023 \u2013 Jett Lawrence (AUS, Honda)<br \/>2022 \u2013 Ken Roczen (ALL, Honda)<br \/><strong>2021 \u2013 Marvin Musquin (FRA, KTM)<\/strong><br \/>2019 \u2013 Justin Barcia (USA, Yamaha)<br \/>2018 \u2013 Jason Anderson (USA, Husqvarna)<br \/><strong>2017 \u2013 Marvin Musquin (FRA, KTM)<\/strong><br \/><strong>2016 \u2013 Marvin Musquin (FRA, KTM)<\/strong><br \/>2015 \u2013 Weston Peick (USA, Yamaha)<br \/>2014 \u2013 Eli Tomac (USA, Kawasaki)<br \/>2013 \u2013 Justin Barcia (USA, Honda)<br \/>2012 \u2013 Jake Weimer (USA, Kawasaki)<br \/>2011 \u2013 Kyle Chisholm (USA, Yamaha)<br \/>2010 \u2013 Justin Barcia (USA, Honda)<br \/>2009 \u2013 Justin Brayton (USA, Yamaha)<br \/>2008 \u2013 James Stewart (USA, Yamaha)<br \/>2007 \u2013 Chad Reed (AUS, Yamaha)<br \/><strong>2006 \u2013 Christophe Pourcel (FRA, Kawasaki)<\/strong><br \/>2005 \u2013 Andrew Short (USA, Honda)<br \/>2004 \u2013 Andrew Short (USA, Honda)<br \/><strong>2003 \u2013 David Vuillemin (FRA, Yamaha)<\/strong><br \/>2002 \u2013 Grant Langston (AFS, KTM)<br \/><strong>2001 \u2013 David Vuillemin (FRA, Yamaha)<\/strong><br \/><strong>2000 \u2013 David Vuillemin (FRA, Yamaha)<\/strong><br \/><strong>1999 \u2013 David Vuillemin (FRA, Yamaha)<\/strong><br \/>1998 \u2013 Larry Ward (USA, Suzuki)<br \/>1997 \u2013 Jeff Emig (USA, Kawasaki)<br \/>1996 \u2013 Ryan Hughes (USA, Kawasaki)<br \/>1995 \u2013 Jeremy Mac Grath (USA, Honda)<br \/>1994 \u2013 Mike Larocco (USA, Kawasaki)<br \/>1993 \u2013 Jeremy Mac Grath (USA, Honda)<br \/>1992 \u2013 Jeff Stanton (USA, Honda)<br \/><strong>1991 \u2013 Jean-Michel Bayle (FRA, Honda)<\/strong><br \/><strong>1990 \u2013 Jean-Michel Bayle (FRA, Honda)<\/strong><br \/>1989 \u2013 Ricky Johnson (USA, Honda)<br \/>1988 \u2013 Jeff Ward (USA, Kawasaki)<br \/>1987 \u2013 Ricky Johnson (USA, Honda)<br \/>1986 \u2013 David Bailey (USA, Honda)<br \/>1985 \u2013 Johnny O\u2019Mara (USA, Honda)<br \/>1984 (2) \u2013 Johnny O\u2019Mara (USA, Honda)<br \/>1984 \u2013 David Bailey (USA, Honda)<\/p>\n<p><strong>Vainqueurs par nombre de succ\u00e8s<\/strong><\/p>\n<p><strong>4 victoires<\/strong><\/p>\n<p>David Vuillemin (FRA, Yamaha)<\/p>\n<p><strong>3 victoire<\/strong><\/p>\n<p>Justin Barcia (USA, Yamaha et Honda x2)<br \/>Marvin Musquin (FRA, KTM)<\/p>\n<p><strong>2 victoires<\/strong><\/p>\n<p>Andrew Short (USA, Honda)<br \/>David Bailey (USA, Honda)<br \/>Jean-Michel Bayle (FRA, Honda)<br \/>Jeremy Mac Grath (USA, Honda)<br \/>Johnny O\u2019Mara (USA, Honda)<br \/>Ricky Johnson (USA, Honda)<\/p>\n<p><strong>1 victoire<\/strong><\/p>\n<p>Chad Reed (AUS, Yamaha)<br \/>Christophe Pourcel (FRA, Kawasaki)<br \/>Cooper Webb (USA, Yamaha)<br \/>Eli Tomac (USA, Kawasaki)<br \/>Grant Langston (AFS, KTM)<br \/>Jake Weimer (USA, Kawasaki)<br \/>James Stewart (USA, Yamaha)<br \/>Jason Anderson (USA, Husqvarna)<br \/>Jeff Emig (USA, Kawasaki)<br \/>Jett Lawrence (AUS, Honda)<br \/>Jeff Stanton (USA, Honda)<br \/>Jeff Ward (USA, Kawasaki)<br \/>Justin Brayton (USA, Yamaha)<br \/>Ken Roczen (ALL, Honda)<br \/>Kyle Chisholm (USA, Yamaha)<br \/>Larry Ward (USA, Suzuki)<br \/>Mike Larocco (USA, Kawasaki)<br \/>Ryan Hughes (USA, Kawasaki)<br \/>Weston Peick (USA, Yamaha)<\/p>\n<p><strong>Constructeurs vainqueurs<\/strong><\/p>\n<p>Honda : 17 victoires<br \/>Yamaha : 11 victoires<br \/>Kawasaki : 7 victoires<br \/>KTM : 4 victoires<br \/>Suzuki : 1 victoire<br \/>Husqvarna : 1 victoire<\/p>\n<p><strong>Nationalit\u00e9s\u00a0<\/strong>vainqueurs<\/p>\n<p>\u00c9tats-Unis : 27<br \/>France : 10<br \/>Australie ; 2<br \/>Allemagne : 1<br \/>Afrique du Sud : 1<\/p>\n","protected":false},"excerpt":{"rendered":"La 42e \u00e9dition du SX de Paris accueillera-t-elle un nouveau vainqueur au palmar\u00e8s de l\u2019\u00e9preuve ? Seuls Cooper&hellip;\n","protected":false},"author":2,"featured_media":535692,"comment_status":"","ping_status":"","sticky":false,"template":"","format":"standard","meta":{"footnotes":""},"categories":[1589],"tags":[11,73,1866,12,1864,1865,1863,308],"class_list":{"0":"post-535691","1":"post","2":"type-post","3":"status-publish","4":"format-standard","5":"has-post-thumbnail","7":"category-etats-unis","8":"tag-actualites","9":"tag-etats-unis","10":"tag-etats-unis-damerique","11":"tag-news","12":"tag-united-states","13":"tag-united-states-of-america","14":"tag-us","15":"tag-usa"},"share_on_mastodon":{"url":"https:\/\/pubeurope.com\/@fr\/115553041420934276","error":""},"_links":{"self":[{"href":"https:\/\/www.europesays.com\/fr\/wp-json\/wp\/v2\/posts\/535691","targetHints":{"allow":["GET"]}}],"collection":[{"href":"https:\/\/www.europesays.com\/fr\/wp-json\/wp\/v2\/posts"}],"about":[{"href":"https:\/\/www.europesays.com\/fr\/wp-json\/wp\/v2\/types\/post"}],"author":[{"embeddable":true,"href":"https:\/\/www.europesays.com\/fr\/wp-json\/wp\/v2\/users\/2"}],"replies":[{"embeddable":true,"href":"https:\/\/www.europesays.com\/fr\/wp-json\/wp\/v2\/comments?post=535691"}],"version-history":[{"count":0,"href":"https:\/\/www.europesays.com\/fr\/wp-json\/wp\/v2\/posts\/535691\/revisions"}],"wp:featuredmedia":[{"embeddable":true,"href":"https:\/\/www.europesays.com\/fr\/wp-json\/wp\/v2\/media\/535692"}],"wp:attachment":[{"href":"https:\/\/www.europesays.com\/fr\/wp-json\/wp\/v2\/media?parent=535691"}],"wp:term":[{"taxonomy":"category","embeddable":true,"href":"https:\/\/www.europesays.com\/fr\/wp-json\/wp\/v2\/categories?post=535691"},{"taxonomy":"post_tag","embeddable":true,"href":"https:\/\/www.europesays.com\/fr\/wp-json\/wp\/v2\/tags?post=535691"}],"curies":[{"name":"wp","href":"https:\/\/api.w.org\/{rel}","templated":true}]}}