{"id":535695,"date":"2025-11-15T09:38:18","date_gmt":"2025-11-15T09:38:18","guid":{"rendered":"https:\/\/www.europesays.com\/fr\/535695\/"},"modified":"2025-11-15T09:38:18","modified_gmt":"2025-11-15T09:38:18","slug":"la-liberation-de-boualem-sansal-est-un-signe-de-cooperation-franco-allemande-juge-frederic-petit-depute-modem","status":"publish","type":"post","link":"https:\/\/www.europesays.com\/fr\/535695\/","title":{"rendered":"La lib\u00e9ration de Boualem Sansal \u00abest un signe de coop\u00e9ration franco-allemande\u00bb, juge Fr\u00e9d\u00e9ric Petit, d\u00e9put\u00e9 Modem"},"content":{"rendered":"<p class=\"intro \">Invit\u00e9 d&rsquo;Europe 1 Matin Week-end, le d\u00e9put\u00e9 Modem Fr\u00e9d\u00e9ric Petit, est revenu sur la lib\u00e9ration de l&rsquo;\u00e9crivain Boualem Sansal. Si Berlin a bel et bien d\u00e9bloqu\u00e9 la situation, ce n&rsquo;est en rien un \u00e9chec pour la France, avance-t-il. <\/p>\n<p>Une lib\u00e9ration vue par certains comme un camouflet, voire\u00a0<a href=\"https:\/\/www.europe1.fr\/international\/liberation-de-boualem-sansal-merci-a-lallemagne-mais-quelle-humiliation-pour-la-france-juge-robert-menard-871131\" rel=\"nofollow noopener\" target=\"_blank\">une \u00ab\u00a0humiliation\u00a0\u00bb<\/a>. Mercredi, apr\u00e8s un an de d\u00e9tention, l&rsquo;\u00e9crivain Boualem Sansal a retrouv\u00e9 la libert\u00e9, et a pu prendre un avion pour Berlin. Car c&rsquo;est bel et bien l&rsquo;Allemagne qui a d\u00e9bloqu\u00e9 la situation.\u00a0<\/p>\n<p>    La suite apr\u00e8s cette publicit\u00e9<\/p>\n<p>    La suite apr\u00e8s cette publicit\u00e9<\/p>\n<p>\u00ab\u00a0C&rsquo;est une victoire\u00a0\u00bb<\/p>\n<p>De l\u00e0 \u00e0 dire que le r\u00f4le de Paris a \u00e9t\u00e9 d\u00e9risoire dans la lib\u00e9ration du franco-alg\u00e9rien ? \u00ab\u00a0Pour moi, c&rsquo;est un signe de coop\u00e9ration diplomatique franco-allemande. C&rsquo;est une victoire\u00a0\u00bb, r\u00e9pond dans Europe 1 Matin Week-end,\u00a0Fr\u00e9d\u00e9ric Petit, d\u00e9put\u00e9 Modem de la 7\u00e8me circonscription des Fran\u00e7ais \u00e9tablis \u00e0 l&rsquo;\u00e9tranger.<\/p>\n<p>Pour l&rsquo;\u00e9dile, ce n&rsquo;est \u00ab\u00a0absolument pas\u00a0\u00bb un \u00e9chec de la diplomatie fran\u00e7aise. \u00ab\u00a0C&rsquo;\u00e9tait plus facile pour l&rsquo;Alg\u00e9rie de faire partir un avion pour l&rsquo;Allemagne, c&rsquo;est plus neutre que de faire partir un avion pour la France.\u00a0\u00bb\u00a0<\/p>\n","protected":false},"excerpt":{"rendered":"Invit\u00e9 d&rsquo;Europe 1 Matin Week-end, le d\u00e9put\u00e9 Modem Fr\u00e9d\u00e9ric Petit, est revenu sur la lib\u00e9ration de l&rsquo;\u00e9crivain Boualem&hellip;\n","protected":false},"author":2,"featured_media":535696,"comment_status":"","ping_status":"","sticky":false,"template":"","format":"standard","meta":{"footnotes":""},"categories":[1587],"tags":[11,672,1804,1805,1803,1777,674,1801,12,1802],"class_list":{"0":"post-535695","1":"post","2":"type-post","3":"status-publish","4":"format-standard","5":"has-post-thumbnail","7":"category-allemagne","8":"tag-actualites","9":"tag-allemagne","10":"tag-bundesrepublik-deutschland","11":"tag-de","12":"tag-deutschland","13":"tag-eu","14":"tag-europe","15":"tag-germany","16":"tag-news","17":"tag-republique-federale-dallemagne"},"share_on_mastodon":{"url":"https:\/\/pubeurope.com\/@fr\/115553049263341226","error":""},"_links":{"self":[{"href":"https:\/\/www.europesays.com\/fr\/wp-json\/wp\/v2\/posts\/535695","targetHints":{"allow":["GET"]}}],"collection":[{"href":"https:\/\/www.europesays.com\/fr\/wp-json\/wp\/v2\/posts"}],"about":[{"href":"https:\/\/www.europesays.com\/fr\/wp-json\/wp\/v2\/types\/post"}],"author":[{"embeddable":true,"href":"https:\/\/www.europesays.com\/fr\/wp-json\/wp\/v2\/users\/2"}],"replies":[{"embeddable":true,"href":"https:\/\/www.europesays.com\/fr\/wp-json\/wp\/v2\/comments?post=535695"}],"version-history":[{"count":0,"href":"https:\/\/www.europesays.com\/fr\/wp-json\/wp\/v2\/posts\/535695\/revisions"}],"wp:featuredmedia":[{"embeddable":true,"href":"https:\/\/www.europesays.com\/fr\/wp-json\/wp\/v2\/media\/535696"}],"wp:attachment":[{"href":"https:\/\/www.europesays.com\/fr\/wp-json\/wp\/v2\/media?parent=535695"}],"wp:term":[{"taxonomy":"category","embeddable":true,"href":"https:\/\/www.europesays.com\/fr\/wp-json\/wp\/v2\/categories?post=535695"},{"taxonomy":"post_tag","embeddable":true,"href":"https:\/\/www.europesays.com\/fr\/wp-json\/wp\/v2\/tags?post=535695"}],"curies":[{"name":"wp","href":"https:\/\/api.w.org\/{rel}","templated":true}]}}