{"id":535711,"date":"2025-11-15T09:47:11","date_gmt":"2025-11-15T09:47:11","guid":{"rendered":"https:\/\/www.europesays.com\/fr\/535711\/"},"modified":"2025-11-15T09:47:11","modified_gmt":"2025-11-15T09:47:11","slug":"tennis-nul-pour-les-dames-defaite-pour-les-hommes","status":"publish","type":"post","link":"https:\/\/www.europesays.com\/fr\/535711\/","title":{"rendered":"Tennis : nul pour les dames, d\u00e9faite pour les hommes"},"content":{"rendered":"<p>Dans le cadre du championnat d\u00e9partemental 2e division, l\u2019\u00e9quipe de tennis, dames et hommes, recevait sur les courts couverts celle de Mende 2, pour les dames et Aumont-Saint-Alban, pour les hommes.<\/p>\n<p>Pour les dames 3 simples et un double devaient les d\u00e9partager, chez les hommes, quatre simples et un double.<\/p>\n<p>Les r\u00e9sultats : chez les dames, l\u2019\u00e9quipe obtient le nul (2 \u00e0 2). Chlo\u00e9 Basara (30\/2) Saint-Ch\u00e9ly bat Nicole Hernandes, en deux sets ; St\u00e9phanie Comte-Robert (30\/3) Saint-Ch\u00e9ly s\u2019incline devant Laurence Bouvier, en deux sets ; Edwige Faure (30\/5) Saint-Ch\u00e9ly s\u2019incline en deux sets devant H\u00e9l\u00e8ne Brunel (30\/2).<\/p>\n<p>Le double est remport\u00e9 par l\u2019\u00e9quipe barrabande avec Nicole Dalle (30\/1) et Chlo\u00e9 Basara, en deux sets sur le double Nicole Hernandes et Liliane Domergue (30\/4), score final 2 \u00e0 2.<\/p>\n<p>Chez les hommes, Sacha Veck (30\/1), Saint-Ch\u00e9ly s\u2019incline devant Yannick Hermet (15\/4) en deux sets ; Guillaume Calatayud (30\/1) Saint-Ch\u00e9ly s\u2019incline devant romain Dusautoir (30\/1), en trois sets ; L\u00e9o Brunet (30\/1) Saint-Ch\u00e9ly s\u2019incline Aur\u00e9lien Tomatis (30\/1) en trois sets et Claude Escudero (30\/4) Saint- Ch\u00e9ly s\u2019impose devant Tristan Monney (40) en deux sets. Le double barraban avec Guillaume Calatayud et L\u00e9o Brunet devant le double Aur\u00e9lien Tomatis et Ilan Moussa, score final 3 \u00e0 2 pour l\u2019\u00e9quipe visiteuse.<\/p>\n<p>La prochaine rencontre pour les hommes aura lieu \u00e0 Florac, dimanche 16 novembre<\/p>\n<p>Correspondant Midi Libre : 04 66 31 13 10<\/p>\n","protected":false},"excerpt":{"rendered":"Dans le cadre du championnat d\u00e9partemental 2e division, l\u2019\u00e9quipe de tennis, dames et hommes, recevait sur les courts&hellip;\n","protected":false},"author":2,"featured_media":535712,"comment_status":"","ping_status":"","sticky":false,"template":"","format":"standard","meta":{"footnotes":""},"categories":[1415],"tags":[1011,27,60,1467],"class_list":{"0":"post-535711","1":"post","2":"type-post","3":"status-publish","4":"format-standard","5":"has-post-thumbnail","7":"category-tennis","8":"tag-fr","9":"tag-france","10":"tag-sports","11":"tag-tennis"},"share_on_mastodon":{"url":"https:\/\/pubeurope.com\/@fr\/115553084562424971","error":""},"_links":{"self":[{"href":"https:\/\/www.europesays.com\/fr\/wp-json\/wp\/v2\/posts\/535711","targetHints":{"allow":["GET"]}}],"collection":[{"href":"https:\/\/www.europesays.com\/fr\/wp-json\/wp\/v2\/posts"}],"about":[{"href":"https:\/\/www.europesays.com\/fr\/wp-json\/wp\/v2\/types\/post"}],"author":[{"embeddable":true,"href":"https:\/\/www.europesays.com\/fr\/wp-json\/wp\/v2\/users\/2"}],"replies":[{"embeddable":true,"href":"https:\/\/www.europesays.com\/fr\/wp-json\/wp\/v2\/comments?post=535711"}],"version-history":[{"count":0,"href":"https:\/\/www.europesays.com\/fr\/wp-json\/wp\/v2\/posts\/535711\/revisions"}],"wp:featuredmedia":[{"embeddable":true,"href":"https:\/\/www.europesays.com\/fr\/wp-json\/wp\/v2\/media\/535712"}],"wp:attachment":[{"href":"https:\/\/www.europesays.com\/fr\/wp-json\/wp\/v2\/media?parent=535711"}],"wp:term":[{"taxonomy":"category","embeddable":true,"href":"https:\/\/www.europesays.com\/fr\/wp-json\/wp\/v2\/categories?post=535711"},{"taxonomy":"post_tag","embeddable":true,"href":"https:\/\/www.europesays.com\/fr\/wp-json\/wp\/v2\/tags?post=535711"}],"curies":[{"name":"wp","href":"https:\/\/api.w.org\/{rel}","templated":true}]}}