{"id":535715,"date":"2025-11-15T09:52:12","date_gmt":"2025-11-15T09:52:12","guid":{"rendered":"https:\/\/www.europesays.com\/fr\/535715\/"},"modified":"2025-11-15T09:52:12","modified_gmt":"2025-11-15T09:52:12","slug":"lasse-refuse-deux-joueurs-trop-vieux-et-trop-chers","status":"publish","type":"post","link":"https:\/\/www.europesays.com\/fr\/535715\/","title":{"rendered":"L&rsquo;ASSE refuse deux joueurs trop vieux et trop chers"},"content":{"rendered":"<p><b>En course pour la mont\u00e9e en <a href=\"https:\/\/www.foot01.com\/ligue1\" title=\"Ligue 1\" rel=\"nofollow noopener\" target=\"_blank\">Ligue 1<\/a>, l\u2019AS Saint-Etienne pourrait bien se renforcer en janvier. Des profils exp\u00e9riment\u00e9s ne feraient pas de mal \u00e0 l\u2019entrejeu st\u00e9phanois. Mais la direction pr\u00e9f\u00e8re miser sur de jeunes talents moins confirm\u00e9s.<\/b>A <a href=\"https:\/\/www.foot01.com\/equipe\/st-etienne\/\" target=\"_blank\" rel=\"nofollow noopener\">l\u2019AS Saint-Etienne<\/a>, le myst\u00e8re Pierre Ekwah n\u2019a toujours pas \u00e9t\u00e9 \u00e9clairci. Le milieu de terrain n\u2019est jamais r\u00e9apparu depuis le clash cet \u00e9t\u00e9. Pour rappel, l\u2019ancien joueur de Sunderland, pr\u00eat\u00e9 chez les Verts la saison derni\u00e8re, ne s\u2019attendait pas \u00e0 son transfert d\u00e9finitif dans le Forez. Le St\u00e9phanois ne s\u2019imaginait pas \u00e9voluer en <a href=\"https:\/\/www.foot01.com\/ligue2\" title=\"Ligue 2\" rel=\"nofollow noopener\" target=\"_blank\">Ligue 2<\/a> cette saison. Remont\u00e9, Pierre Ekwah est annonc\u00e9 en arr\u00eat maladie depuis des semaines et Eirik Horneland ignore s\u2019il pourra un jour le r\u00e9int\u00e9grer.<\/p>\n<p>\u00ab Je n\u2019ai pas eu de nouvelles de lui, je n\u2019en ai pas pris non plus, je n\u2019ai rien \u00e0 dire sur ce sujet, je suis d\u00e9sol\u00e9, a confi\u00e9 l\u2019entra\u00eeneur de l\u2019AS Saint-Etienne aux m\u00e9dias. (&#8230;) Est-ce que je compte encore sur lui ? Je ne peux pas r\u00e9pondre \u00e0 cette question, je n\u2019ai vraiment pas d\u2019information sur le sujet, la derni\u00e8re fois que j\u2019en ai eues c\u2019\u00e9tait cet \u00e9t\u00e9 et depuis je suis sans nouvelle. Je suis d\u00e9sol\u00e9. \u00bb Dans ces conditions, Eirik Horneland peut tout \u00e0 fait r\u00e9clamer la signature d\u2019un milieu de terrain aussi confirm\u00e9 que Pierre Ekwah. Des pistes int\u00e9ressantes sont d\u2019ailleurs apparues dans l\u2019actualit\u00e9 des Verts.<\/p>\n<p>L&rsquo;ASSE convoite un jeune Danois<\/p>\n<p>On parle effectivement d\u2019un int\u00e9r\u00eat pour le Havrais Abdoulaye Tour\u00e9 (31 ans) et pour le Lillois Nabil Bentaleb (30 ans), tous les deux en fin de contrat l\u2019\u00e9t\u00e9 prochain, et dont les temps de jeu respectifs sont assez limit\u00e9s en Ligue 1. Mais selon les informations de But Football Club, la direction st\u00e9phanoise s\u2019oppose \u00e0 leur arriv\u00e9e. Le propri\u00e9taire Kilmer Sports Venture refuse de miser sur des joueurs exp\u00e9riment\u00e9s, sur des joueurs de plus de 28 ans et sur de gros salaires. La strat\u00e9gie reste orient\u00e9e vers de jeunes talents moins chers comme le Danois Silas Andersen (21 ans, BK H\u00e4cken). Un pari risqu\u00e9 pour jouer la mont\u00e9e.<\/p>\n","protected":false},"excerpt":{"rendered":"En course pour la mont\u00e9e en Ligue 1, l\u2019AS Saint-Etienne pourrait bien se renforcer en janvier. Des profils&hellip;\n","protected":false},"author":2,"featured_media":535716,"comment_status":"","ping_status":"","sticky":false,"template":"","format":"standard","meta":{"footnotes":""},"categories":[1410],"tags":[461,63,1011,27,66,446,1434,60],"class_list":{"0":"post-535715","1":"post","2":"type-post","3":"status-publish","4":"format-standard","5":"has-post-thumbnail","7":"category-football","8":"tag-asse","9":"tag-football","10":"tag-fr","11":"tag-france","12":"tag-ligue-1","13":"tag-ligue-2","14":"tag-mercato","15":"tag-sports"},"share_on_mastodon":{"url":"https:\/\/pubeurope.com\/@fr\/115553104408263308","error":""},"_links":{"self":[{"href":"https:\/\/www.europesays.com\/fr\/wp-json\/wp\/v2\/posts\/535715","targetHints":{"allow":["GET"]}}],"collection":[{"href":"https:\/\/www.europesays.com\/fr\/wp-json\/wp\/v2\/posts"}],"about":[{"href":"https:\/\/www.europesays.com\/fr\/wp-json\/wp\/v2\/types\/post"}],"author":[{"embeddable":true,"href":"https:\/\/www.europesays.com\/fr\/wp-json\/wp\/v2\/users\/2"}],"replies":[{"embeddable":true,"href":"https:\/\/www.europesays.com\/fr\/wp-json\/wp\/v2\/comments?post=535715"}],"version-history":[{"count":0,"href":"https:\/\/www.europesays.com\/fr\/wp-json\/wp\/v2\/posts\/535715\/revisions"}],"wp:featuredmedia":[{"embeddable":true,"href":"https:\/\/www.europesays.com\/fr\/wp-json\/wp\/v2\/media\/535716"}],"wp:attachment":[{"href":"https:\/\/www.europesays.com\/fr\/wp-json\/wp\/v2\/media?parent=535715"}],"wp:term":[{"taxonomy":"category","embeddable":true,"href":"https:\/\/www.europesays.com\/fr\/wp-json\/wp\/v2\/categories?post=535715"},{"taxonomy":"post_tag","embeddable":true,"href":"https:\/\/www.europesays.com\/fr\/wp-json\/wp\/v2\/tags?post=535715"}],"curies":[{"name":"wp","href":"https:\/\/api.w.org\/{rel}","templated":true}]}}