{"id":535724,"date":"2025-11-15T09:58:10","date_gmt":"2025-11-15T09:58:10","guid":{"rendered":"https:\/\/www.europesays.com\/fr\/535724\/"},"modified":"2025-11-15T09:58:10","modified_gmt":"2025-11-15T09:58:10","slug":"insaisissables-3-les-magiciens-cambrioleurs-reapparaissent-sans-creer-lillusion","status":"publish","type":"post","link":"https:\/\/www.europesays.com\/fr\/535724\/","title":{"rendered":"\u00ab\u00a0Insaisissables 3\u00a0\u00bb, les magiciens-cambrioleurs r\u00e9apparaissent sans cr\u00e9er l&rsquo;illusion"},"content":{"rendered":"<p>La bande des Cavaliers revient sur grand \u00e9cran apr\u00e8s neuf ans d\u2019absence dans cet \u00e9pisode o\u00f9 il s\u2019agit de d\u00e9rober le diamant le plus cher du monde. Suite sans surprise sortie le 12 novembre, \u00ab\u00a0Insaisissables 3\u00a0\u00bb de Ruben Fleischer ressemble \u00e0 un long tour de passe-passe.<\/p>\n<p>En 2013, \u00ab\u00a0Insaisissables\u00a0\u00bb avait cr\u00e9\u00e9 l\u2019illusion en m\u00ealant action, humour, magie et braquage. Avant une suite un peu moins r\u00e9ussie, sortie en 2016, qui avait d\u00e9plac\u00e9 l\u2019intrigue de Las Vegas et La Nouvelle-Orl\u00e9ans \u00e0 Macao pour une n\u00e9buleuse affaire de puce \u00e9lectronique. Il aura donc fallu pr\u00e8s de dix ans pour que les quatre Cavaliers r\u00e9apparaissent comme par enchantement. Et l\u00e0 r\u00e9side peut-\u00eatre le plus grand myst\u00e8re de ce troisi\u00e8me volet, qui n\u2019en poss\u00e8de gu\u00e8re d\u2019autres.<\/p>\n<p>Entre Anvers, Budapest et Abu Dhabi<\/p>\n<p>Sorti de sa retraite, le cerveau de la bande, Daniel Atlas (Jesse Eisenberg), recrute trois jeunes illusionnistes pour d\u00e9rober le diamant le plus cher de la plan\u00e8te. Le bijou est entre les mains de la machiav\u00e9lique Veronika Vanderberg (Rosamund Pike), directrice d\u2019une organisation criminelle sud-africaine. Entre Anvers, Budapest et Abu Dhabi, l\u2019\u00e9quipe s\u2019efforce de subtiliser le pr\u00e9cieux diamant et se retrouve compl\u00e9t\u00e9e par les anciens acolytes d\u2019Atlas: le pickpocket Jack Wilder (Dave Franco), le mentaliste hypnotiseur Merritt McKinney (Woody Harrelson)\u00a0et l\u2019escapologiste Henley Reeves (Isla Fisher).<\/p>\n<p>Contenu externe<\/p>\n<p> Ce contenu externe ne peut pas \u00eatre affich\u00e9 car il est susceptible de collecter des donn\u00e9es personnelles. Pour voir ce contenu vous devez autoriser la cat\u00e9gorie <strong>R\u00e9seaux sociaux<\/strong>. <\/p>\n<p> Accepter Plus d&rsquo;info <\/p>\n<p>    Faire du neuf avec du vieux<\/p>\n<p>Le calcul est simple: faire du neuf avec du vieux et ainsi optimiser les chances de r\u00e9ussite au box-office, en associant au quatuor de boomers un trio de nouveaux venus cens\u00e9 attirer un public moins rid\u00e9. Avec, cerise sur le g\u00e2teau, un propos tr\u00e8s contemporain sur la spoliation de la population sud-africaine par les colons blancs (incarn\u00e9s par la m\u00e9chante Veronika Vanderberg) et la n\u00e9cessaire restitution des richesses autochtones \u00e0 leurs propri\u00e9taires l\u00e9gitimes.<\/p>\n<p>Sur le fond, on ne trouve rien \u00e0 redire \u00e0 ce troisi\u00e8me volet qui prolonge la logique des Cavaliers, sorte de Robin des Bois modernes dont la fonction est de d\u00e9noncer publiquement les puissants corrompus. Mais sur la forme, on commence \u00e0 b\u00e2iller.<\/p>\n<p>Un tour de magie \u00e9vent\u00e9<\/p>\n<p>Jouant la carte de la surench\u00e8re d\u2019effets et de l\u2019efficacit\u00e9 \u00e0 tout prix, \u00ab\u00a0Insaisissables 3\u00a0\u00bb ne s\u2019embarrasse gu\u00e8re de renouveler son cahier des charges. A tel point qu\u2019on a rapidement l\u2019impression d\u2019assister \u00e0 un long, tr\u00e8s long tour de passe-passe qui emprunte davantage \u00e0 \u00ab\u00a0Mission: Impossible\u00a0\u00bb qu\u2019\u00e0 David Copperfield.<\/p>\n<p>Alors oui, tout cela est bien ex\u00e9cut\u00e9, et certaines s\u00e9quences jouent avec adresse des illusions d\u2019optique propres aux arts visuels, comme cette pi\u00e8ce impossible construite sur les bases des gravures d\u2019Escher ou cette chambre qui joue sur de fausses perspectives pour r\u00e9duire la taille d\u2019un personnage et augmenter celle de son voisin.<\/p>\n<p>Mais \u00e0 force de r\u00e9p\u00e9ter sans cesse le m\u00eame tour de magie, avec sa mise en place attendue, son d\u00e9veloppement sans surprise et sa chute \u00e9vent\u00e9e, on se met \u00e0 trouver le temps long. Et on se dit tout de m\u00eame que, comme les bonnes blagues, les meilleurs tours de magie sont les plus courts.<\/p>\n<p>Note: 2\/5<\/p>\n<p class=\"sources\">Rafael Wolf\/olhor<\/p>\n<p class=\"article-footnote\">\u00ab\u00a0Insaisissables 3\u00a0\u00bb de Ruben Fleischer, avec Jesse Eisenberg, Woody Harrelson, Dave Franco, Isla Fisher, Rosamund Pike. A voir dans les salles romandes depuis le 12 novembre 2025.<\/p>\n","protected":false},"excerpt":{"rendered":"La bande des Cavaliers revient sur grand \u00e9cran apr\u00e8s neuf ans d\u2019absence dans cet \u00e9pisode o\u00f9 il s\u2019agit&hellip;\n","protected":false},"author":2,"featured_media":535725,"comment_status":"","ping_status":"","sticky":false,"template":"","format":"standard","meta":{"footnotes":""},"categories":[1354],"tags":[65503,26387,1693,22519,650,12971,65504,52420,58,59,1346,1011,27,65505,65506,65507,1360,65508,65509,65510],"class_list":{"0":"post-535724","1":"post","2":"type-post","3":"status-publish","4":"format-standard","5":"has-post-thumbnail","7":"category-films","8":"tag-abou-dabi","9":"tag-anvers","10":"tag-arts-et-divertissement","11":"tag-budapest","12":"tag-cinema","13":"tag-clou","14":"tag-dave-franco","15":"tag-diamant","16":"tag-divertissement","17":"tag-entertainment","18":"tag-films","19":"tag-fr","20":"tag-france","21":"tag-insaisissables-3","22":"tag-isla-fisher","23":"tag-jesse-eisenberg","24":"tag-movies","25":"tag-rosamund-pike","26":"tag-ruben-fleischer","27":"tag-woody-harrelson"},"share_on_mastodon":{"url":"https:\/\/pubeurope.com\/@fr\/115553127985476865","error":""},"_links":{"self":[{"href":"https:\/\/www.europesays.com\/fr\/wp-json\/wp\/v2\/posts\/535724","targetHints":{"allow":["GET"]}}],"collection":[{"href":"https:\/\/www.europesays.com\/fr\/wp-json\/wp\/v2\/posts"}],"about":[{"href":"https:\/\/www.europesays.com\/fr\/wp-json\/wp\/v2\/types\/post"}],"author":[{"embeddable":true,"href":"https:\/\/www.europesays.com\/fr\/wp-json\/wp\/v2\/users\/2"}],"replies":[{"embeddable":true,"href":"https:\/\/www.europesays.com\/fr\/wp-json\/wp\/v2\/comments?post=535724"}],"version-history":[{"count":0,"href":"https:\/\/www.europesays.com\/fr\/wp-json\/wp\/v2\/posts\/535724\/revisions"}],"wp:featuredmedia":[{"embeddable":true,"href":"https:\/\/www.europesays.com\/fr\/wp-json\/wp\/v2\/media\/535725"}],"wp:attachment":[{"href":"https:\/\/www.europesays.com\/fr\/wp-json\/wp\/v2\/media?parent=535724"}],"wp:term":[{"taxonomy":"category","embeddable":true,"href":"https:\/\/www.europesays.com\/fr\/wp-json\/wp\/v2\/categories?post=535724"},{"taxonomy":"post_tag","embeddable":true,"href":"https:\/\/www.europesays.com\/fr\/wp-json\/wp\/v2\/tags?post=535724"}],"curies":[{"name":"wp","href":"https:\/\/api.w.org\/{rel}","templated":true}]}}