{"id":535726,"date":"2025-11-15T09:59:12","date_gmt":"2025-11-15T09:59:12","guid":{"rendered":"https:\/\/www.europesays.com\/fr\/535726\/"},"modified":"2025-11-15T09:59:12","modified_gmt":"2025-11-15T09:59:12","slug":"rhume-toux-etat-grippal-ces-medicaments-dont-vous-feriez-mieux-de-vous-abstenir","status":"publish","type":"post","link":"https:\/\/www.europesays.com\/fr\/535726\/","title":{"rendered":"Rhume, toux, \u00e9tat grippal&#8230; Ces m\u00e9dicaments dont vous feriez mieux de vous abstenir"},"content":{"rendered":"<p>    Nez bouch\u00e9, toux persistante, fi\u00e8vre&#8230; Face aux maux de l\u2019hiver, de nombreux produits sont chers, inefficaces, et parfois dangereux.<br \/>\n                Pixel-Shot &#8211; stock.adobe.com<\/p>\n<p>\n    Avant de remplir votre panier \u00e0 la pharmacie, d\u00e9couvrez ce qui soulage vraiment&#8230; et ce qui all\u00e8ge surtout votre portefeuille.<\/p>\n<p class=\"fig-paragraph\">Chaque hiver, les rayons des pharmacies regorgent de produits cens\u00e9s soulager nez bouch\u00e9,\u00a0<a href=\"https:\/\/sante.lefigaro.fr\/sante\/symptome\/toux\/quels-examens-0\" target=\"_blank\" data-fig-type=\"Keyword\" rel=\"sponsored noopener\" data-gtm-custom-categorie=\"navigation\" data-gtm-custom-action=\"crossclick\" data-gtm-custom-label=\"Contextuel\" data-gtm-event=\"customEventSPE\" data-fig-domain=\"SANTE\">gorge irrit\u00e9e<\/a>\u00a0ou\u00a0<a href=\"https:\/\/sante.lefigaro.fr\/sante\/maladie\/grippe\/quelles-differences-entre-grippes-b\" target=\"_blank\" data-fig-type=\"Keyword\" rel=\"sponsored noopener\" data-gtm-custom-categorie=\"navigation\" data-gtm-custom-action=\"crossclick\" data-gtm-custom-label=\"Contextuel\" data-gtm-event=\"customEventSPE\" data-fig-domain=\"SANTE\">\u00e9tat grippal<\/a>. Face \u00e0 ces sympt\u00f4mes b\u00e9nins mais g\u00eanants, l\u2019autom\u00e9dication reste un r\u00e9flexe courant. Mais est-ce vraiment une bonne id\u00e9e\u00a0? Ces traitements, souvent co\u00fbteux, sont-ils r\u00e9ellement efficaces ou ne font-ils qu\u2019all\u00e9ger notre portefeuille\u00a0? Entre solutions utiles et m\u00e9dicaments \u00e0 \u00e9viter, comment se soulager sans danger\u00a0?<\/p>\n<p class=\"fig-paragraph\">Premi\u00e8re r\u00e8gle\u00a0: ne pas banaliser vos sympt\u00f4mes, \u00ab\u00a0surtout si vous \u00eates \u00e0 risque (plus de 65 ans, malades chroniques, femmes enceintes ou personnes immunod\u00e9prim\u00e9es, ndlr).\u00a0<a href=\"https:\/\/sante.lefigaro.fr\/sante\/maladie\/rhume\/quest-ce-que-je-ressens\" target=\"_blank\" data-fig-type=\"Keyword\" rel=\"sponsored noopener\" data-gtm-custom-categorie=\"navigation\" data-gtm-custom-action=\"crossclick\" data-gtm-custom-label=\"Contextuel\" data-gtm-event=\"customEventSPE\" data-fig-domain=\"SANTE\">Un simple rhume<\/a> \u00a0peut masquer une grippe ou un Covid-19, deux infections potentiellement\u00a0<a href=\"http:\/\/sante.lefigaro.fr\/medecine\/grippe-pourquoi-devient-elle-si-dangereuse-apres-65-ans-20250914\" data-fig-type=\"Article\" data-gtm-custom-categorie=\"navigation\" data-gtm-custom-action=\"crossclick\" data-gtm-custom-label=\"Contextuel\" data-gtm-event=\"customEventSPE\" data-fig-domain=\"SANTE\" target=\"_blank\" rel=\"noopener\">graves chez les personnes \u00e0 risque<\/a> . Le bon r\u00e9flexe est alors de faire un test PCR d\u00e8s les premiers signes (fi\u00e8vre, courbatures, toux ou difficult\u00e9s respiratoires) pour orienter la prise en charge et \u00e9viter les complications\u00a0\u00bb, rappelle Antonin Bal, directeur du CNR virus des infections\u2026<\/p>\n<p class=\"fig-premium-paywall__infos\">\n        Cet article est r\u00e9serv\u00e9 aux abonn\u00e9s.        Il vous reste 85% \u00e0 d\u00e9couvrir.\n    <\/p>\n<p>                <img  data- alt=\"Le Figaro\" class=\"fig-img--complete fig-img\"\/><\/p>\n<p class=\"fig-premium-paywall__title\">Black Friday<\/p>\n<p class=\"fig-premium-paywall__subtitle\">-70% sur l&rsquo;abonnement num\u00e9rique<\/p>\n<p class=\"fig-premium-paywall__connect\">\n                D\u00e9j\u00e0 abonn\u00e9\u00a0?                <a class=\"fig-premium-paywall__connect-link\" href=\"https:\/\/connect.lefigaro.fr\/login?client=sante_web&amp;type=main&amp;redirect_uri=https%3A%2F%2Fsante.lefigaro.fr%2Fmieux-etre%2Frhume-toux-etat-grippal-ces-medicaments-dont-vous-feriez-mieux-de-vous-abstenir-20251115\" data-js-gtm=\"{&quot;customCategorie&quot;: &quot;conversion&quot;, &quot;customAction&quot;: &quot;before_Landing_Connexion_paywall_auto&quot;, &quot;customLabel&quot;: &quot;c2FudGUubGVmaWdhcm8uZnJfXzFmMGMxNDc1LWRkNTMtNmI1YS04YTBkLThkMmE3YjgxN2I4OF9fQXJ0aWNsZQ==_Rhume, toux, \u00e9tat grippal... Ces m\u00e9dicaments dont vous feriez mieux de vous abstenir_549&quot;, &quot;customIDSPE&quot;: &quot;c2FudGUubGVmaWdhcm8uZnJfXzFmMGMxNDc1LWRkNTMtNmI1YS04YTBkLThkMmE3YjgxN2I4OF9fQXJ0aWNsZQ==&quot;, &quot;event&quot;: &quot;customEventSPE&quot;}\" target=\"_blank\" rel=\"noopener\"><br \/>\n                    Connectez-vous<br \/>\n                <\/a>\n            <\/p>\n","protected":false},"excerpt":{"rendered":"Nez bouch\u00e9, toux persistante, fi\u00e8vre&#8230; Face aux maux de l\u2019hiver, de nombreux produits sont chers, inefficaces, et parfois&hellip;\n","protected":false},"author":2,"featured_media":535727,"comment_status":"","ping_status":"","sticky":false,"template":"","format":"standard","meta":{"footnotes":""},"categories":[10],"tags":[65511,4357,1011,27,29786,72,44232,71,61764],"class_list":{"0":"post-535726","1":"post","2":"type-post","3":"status-publish","4":"format-standard","5":"has-post-thumbnail","7":"category-sante","8":"tag-automedication","9":"tag-covid-19","10":"tag-fr","11":"tag-france","12":"tag-grippe","13":"tag-health","14":"tag-rhume","15":"tag-sante","16":"tag-toux"},"share_on_mastodon":{"url":"https:\/\/pubeurope.com\/@fr\/115553132079308132","error":""},"_links":{"self":[{"href":"https:\/\/www.europesays.com\/fr\/wp-json\/wp\/v2\/posts\/535726","targetHints":{"allow":["GET"]}}],"collection":[{"href":"https:\/\/www.europesays.com\/fr\/wp-json\/wp\/v2\/posts"}],"about":[{"href":"https:\/\/www.europesays.com\/fr\/wp-json\/wp\/v2\/types\/post"}],"author":[{"embeddable":true,"href":"https:\/\/www.europesays.com\/fr\/wp-json\/wp\/v2\/users\/2"}],"replies":[{"embeddable":true,"href":"https:\/\/www.europesays.com\/fr\/wp-json\/wp\/v2\/comments?post=535726"}],"version-history":[{"count":0,"href":"https:\/\/www.europesays.com\/fr\/wp-json\/wp\/v2\/posts\/535726\/revisions"}],"wp:featuredmedia":[{"embeddable":true,"href":"https:\/\/www.europesays.com\/fr\/wp-json\/wp\/v2\/media\/535727"}],"wp:attachment":[{"href":"https:\/\/www.europesays.com\/fr\/wp-json\/wp\/v2\/media?parent=535726"}],"wp:term":[{"taxonomy":"category","embeddable":true,"href":"https:\/\/www.europesays.com\/fr\/wp-json\/wp\/v2\/categories?post=535726"},{"taxonomy":"post_tag","embeddable":true,"href":"https:\/\/www.europesays.com\/fr\/wp-json\/wp\/v2\/tags?post=535726"}],"curies":[{"name":"wp","href":"https:\/\/api.w.org\/{rel}","templated":true}]}}