{"id":535733,"date":"2025-11-15T10:03:13","date_gmt":"2025-11-15T10:03:13","guid":{"rendered":"https:\/\/www.europesays.com\/fr\/535733\/"},"modified":"2025-11-15T10:03:13","modified_gmt":"2025-11-15T10:03:13","slug":"cette-pension-vous-assure-de-ne-manquer-de-rien","status":"publish","type":"post","link":"https:\/\/www.europesays.com\/fr\/535733\/","title":{"rendered":"cette pension vous assure de ne manquer de rien"},"content":{"rendered":"<p itemprop=\"description\">Selon l\u2019IRES, voici le montant qui<br \/>\nsuffirait pour qu\u2019un retrait\u00e9 vivant seul profite pleinement de sa<br \/>\nretraite.<\/p>\n<p>Beaucoup de Fran\u00e7ais se demandent quel montant de pension<br \/>\nsuffirait pour profiter pleinement de leur retraite. L\u00a0\u00bbaugmentation<br \/>\ndu co\u00fbt de la vie suscite de nombreuses inqui\u00e9tudes. Gr\u00e2ce \u00e0 un<br \/>\narticle du site Pleine Vie, nous avons pu identifier le<br \/>\nmontant mensuel permettant de ne manquer de rien lorsqu&rsquo;on vit<br \/>\nseul.<\/p>\n<p>Le quotidien de certains retrait\u00e9s n&rsquo;est pas toujours<br \/>\n\u00e9vident<\/p>\n<p><strong>Les retrait\u00e9s qui vivent seuls<\/strong> n&rsquo;ont pas<br \/>\ntoujours un quotidien tr\u00e8s facile. L&rsquo;alimentation, l&rsquo;essence pour<br \/>\nla voiture, les d\u00e9penses de sant\u00e9 et de loisirs&#8230; Tout cela co\u00fbte<br \/>\ncher, d&rsquo;autant plus que <a href=\"https:\/\/www.maison-travaux.fr\/actualites\/cause-linflation-vous-pourrez-plus-permettre-choses-582926.html\" target=\"_blank\" rel=\"noopener\"><br \/>\nl&rsquo;inflation a fortement augment\u00e9<\/a> ces derni\u00e8res ann\u00e9es. Le<br \/>\npouvoir d&rsquo;achat de nombreux seniors a d\u00e9gringol\u00e9, les obligeant<br \/>\nparfois <strong>\u00e0 faire des sacrifices<\/strong>.<\/p>\n<p>Les chiffres officiels montrent qu&rsquo;une grande partie des<br \/>\nretrait\u00e9s <strong>per\u00e7oivent une petite pension<\/strong>. En 2021,<br \/>\nils \u00e9taient 17 millions \u00e0 toucher en moyenne 1 531 euros par mois.<br \/>\nMais certains vivaient avec le minimum vieillesse, soit 1 034 \u20ac,<br \/>\nles pla\u00e7ant en dessous du seuil de pauvret\u00e9. <a href=\"https:\/\/www.maison-travaux.fr\/actualites\/budget\/retraites-2025-pourquoi-stabilite-taux-pauvrete-cache-realite-plus-precaire-parait-592127.html\" target=\"_blank\" rel=\"noopener\"><br \/>\nUne pr\u00e9carit\u00e9<\/a> qui ne suffit pas \u00e0 garantir une retraite<br \/>\nconfortable, <strong>malgr\u00e9 certaines aides de l&rsquo;\u00c9tat<\/strong>.<\/p>\n<p>La pension de retraite id\u00e9ale pour ne manquer de rien<\/p>\n<p>Mais alors, comment savoir quel revenu serait suffisant pour<br \/>\nqu&rsquo;un retrait\u00e9 puisse vivre seul <strong>sans manquer de<br \/>\nrien<\/strong> ? Eh bien, pour cela, nous pouvons nous r\u00e9f\u00e9rer aux<br \/>\n\u00e9tudes de l\u2019Institut de recherches \u00e9conomiques et sociales (IRES),<br \/>\nqui estime <a href=\"https:\/\/www.maison-travaux.fr\/actualites\/budget\/je-gagne-2000-euros-par-mois-voici-combien-vous-toucherez-a-la-retraite-avec-la-suspension-de-la-reforme-en-2025-602275.html\" target=\"_blank\" rel=\"noopener\"><br \/>\nqu&rsquo;une pension mensuelle<\/a> de 1 634 \u20ac permettrait de couvrir les<br \/>\nd\u00e9penses essentielles, \u00e0 condition cependant <strong>que le<br \/>\nlogement soit d\u00e9j\u00e0 pay\u00e9<\/strong>.<\/p>\n<p>Les Fran\u00e7ais, quant \u00e0 eux, <strong>pensent qu&rsquo;une pension de 2<br \/>\n600 \u20ac par mois<\/strong> serait n\u00e9cessaire pour b\u00e9n\u00e9ficier d&rsquo;un bon<br \/>\nconfort et d&rsquo;une meilleure qualit\u00e9 de vie. Toutes ces estimations<br \/>\nne refl\u00e8tent pas forc\u00e9ment <a href=\"https:\/\/www.maison-travaux.fr\/actualites\/pays-deurope-pension-retraite-elevee-590559.html\" target=\"_blank\" rel=\"noopener\"><br \/>\nla r\u00e9alit\u00e9 des retrait\u00e9s<\/a> qui vivent seuls. Le montant de leur<br \/>\npension peut \u00eatre tr\u00e8s diff\u00e9rent selon les ann\u00e9es pass\u00e9es \u00e0<br \/>\ntravailler, <strong>le salaire moyen per\u00e7u<\/strong> et le r\u00e9gime de<br \/>\nretraite auquel ils ont cotis\u00e9.<\/p>\n<p><img decoding=\"async\" src=\"data:image\/svg+xml,%3Csvg%20xmlns=\" http:=\"\" width=\"100%\" height=\"auto\" data-lazy-src=\"https:\/\/www.europesays.com\/fr\/wp-content\/uploads\/2025\/11\/1763200993_504_maxresdefault.jpg\"\/><br \/>\n<video width=\"100%\" height=\"360px\" controls=\"\" id=\"player_408a933b3d9809a45ba7feef6f9307eb\" preload=\"auto\" class=\"video-js vjs-default-skin vjs-big-play-centered\" style=\"display:none; text-align: center; margin-bottom: 4px;\" poster=\"https:\/\/www.europesays.com\/fr\/wp-content\/uploads\/2025\/11\/1763200993_504_maxresdefault.jpg\"\/><\/p>\n<p>Des pensions de retraite revaloris\u00e9es<br \/>\nen 2025<\/p>\n<p><strong>\u00c0 partir du 1er janvier 2025<\/strong>, les retrait\u00e9s<br \/>\nverront leur pension revaloris\u00e9e. L&rsquo;augmentation devrait \u00eatre<br \/>\n\u00e9quivalente \u00e0 la moiti\u00e9 du taux d&rsquo;inflation. Le gouvernement a<br \/>\naussi annonc\u00e9 qu&rsquo;un ajustement suppl\u00e9mentaire serait effectu\u00e9 six<br \/>\nmois plus tard pour les pensions les plus faibles. Une mesure<br \/>\nvisant \u00e0 all\u00e9ger la pression financi\u00e8re <a href=\"https:\/\/www.maison-travaux.fr\/actualites\/colocation-seniors-nouvelle-facon-vivre-retraite-594179.html\" target=\"_blank\" rel=\"noopener\"><br \/>\nsur les seniors<\/a>. Ceux qui vivent seuls <strong>pourront<br \/>\nsouffler un peu<\/strong>.<\/p>\n<p><strong>Ces revalorisations ne feront pas de miracle<\/strong>,<br \/>\net le quotidien des retrait\u00e9s vivant seuls restera probablement<br \/>\nplus fragile que <a href=\"https:\/\/www.maison-travaux.fr\/actualites\/budget\/immobilier\/proprietaires-squatteurs-retraites-immeuble-589937.html\" target=\"_blank\" rel=\"noopener\"><br \/>\nceux qui vivent en couple<\/a> et ne sont pas propri\u00e9taires. Les<br \/>\nin\u00e9galit\u00e9s entre les individus ne cesseront pas du jour au<br \/>\nlendemain. Chaque situation est unique et le montant de la pension<br \/>\nde retraite <strong>d\u00e9pend donc de nombreux facteurs<\/strong>.<\/p>\n","protected":false},"excerpt":{"rendered":"Selon l\u2019IRES, voici le montant qui suffirait pour qu\u2019un retrait\u00e9 vivant seul profite pleinement de sa retraite. Beaucoup&hellip;\n","protected":false},"author":2,"featured_media":535734,"comment_status":"","ping_status":"","sticky":false,"template":"","format":"standard","meta":{"footnotes":""},"categories":[6],"tags":[35,33,34,1011,27,729],"class_list":{"0":"post-535733","1":"post","2":"type-post","3":"status-publish","4":"format-standard","5":"has-post-thumbnail","7":"category-economie","8":"tag-business","9":"tag-economie","10":"tag-economy","11":"tag-fr","12":"tag-france","13":"tag-yout_video"},"share_on_mastodon":{"url":"https:\/\/pubeurope.com\/@fr\/115553147575335324","error":""},"_links":{"self":[{"href":"https:\/\/www.europesays.com\/fr\/wp-json\/wp\/v2\/posts\/535733","targetHints":{"allow":["GET"]}}],"collection":[{"href":"https:\/\/www.europesays.com\/fr\/wp-json\/wp\/v2\/posts"}],"about":[{"href":"https:\/\/www.europesays.com\/fr\/wp-json\/wp\/v2\/types\/post"}],"author":[{"embeddable":true,"href":"https:\/\/www.europesays.com\/fr\/wp-json\/wp\/v2\/users\/2"}],"replies":[{"embeddable":true,"href":"https:\/\/www.europesays.com\/fr\/wp-json\/wp\/v2\/comments?post=535733"}],"version-history":[{"count":0,"href":"https:\/\/www.europesays.com\/fr\/wp-json\/wp\/v2\/posts\/535733\/revisions"}],"wp:featuredmedia":[{"embeddable":true,"href":"https:\/\/www.europesays.com\/fr\/wp-json\/wp\/v2\/media\/535734"}],"wp:attachment":[{"href":"https:\/\/www.europesays.com\/fr\/wp-json\/wp\/v2\/media?parent=535733"}],"wp:term":[{"taxonomy":"category","embeddable":true,"href":"https:\/\/www.europesays.com\/fr\/wp-json\/wp\/v2\/categories?post=535733"},{"taxonomy":"post_tag","embeddable":true,"href":"https:\/\/www.europesays.com\/fr\/wp-json\/wp\/v2\/tags?post=535733"}],"curies":[{"name":"wp","href":"https:\/\/api.w.org\/{rel}","templated":true}]}}