{"id":535735,"date":"2025-11-15T10:04:13","date_gmt":"2025-11-15T10:04:13","guid":{"rendered":"https:\/\/www.europesays.com\/fr\/535735\/"},"modified":"2025-11-15T10:04:13","modified_gmt":"2025-11-15T10:04:13","slug":"les-safaris-humains-a-sarajevo-dans-le-viseur-de-la-justice-italienne-liberation","status":"publish","type":"post","link":"https:\/\/www.europesays.com\/fr\/535735\/","title":{"rendered":"Les \u00absafaris humains\u00bb \u00e0 Sarajevo dans le viseur de la justice italienne \u2013 Lib\u00e9ration"},"content":{"rendered":"<p class=\"sc-cPiKLX AiZTS text-element\">A Sarajevo, certains les appelaient les \u00absnipers du week-end\u00bb. Des individus qui se rendaient dans la capitale bosnienne pour tirer sur des civils pi\u00e9g\u00e9s pendant le si\u00e8ge de la ville par les forces serbes de Bosnie, entre avril 1992 et f\u00e9vrier 1996. Durant 1425 jours, Sarajevo avait \u00e9t\u00e9 prise pour cible par des forces militaires, polici\u00e8res et tr\u00e8s probablement par des \u00abtireurs touristes\u00bb, qui avaient plong\u00e9 la cit\u00e9 multiethnique dans un \u00abenfer m\u00e9di\u00e9val\u00bb , pour reprendre les mots des procureurs du tribunal p\u00e9nal international pour l\u2019ex-Yougoslavie (TPIY).<\/p>\n<p class=\"sc-cPiKLX AiZTS text-element\">Plus de 11 500 personnes ont \u00e9t\u00e9 tu\u00e9es, et au moins 50 000 autres bless\u00e9es, notamment par des snipers \u00e9trangers civils, comme le suspecte la justice italienne qui vient d\u2019ouvrir une enqu\u00eate contre X pour \u00abhomicide volontaire aggrav\u00e9 par la cruaut\u00e9 et des motifs abjects\u00bb. Elle s\u2019appr\u00eate \u00e0 proc\u00e9der aux premi\u00e8res auditions. Le parquet de Milan soup\u00e7onne plusieurs Italiens d\u2019avoir particip\u00e9 \u00e0 ces macabres \u00absafaris humains\u00bb.<\/p>\n<p class=\"sc-cPiKLX AiZTS text-element\">Le procureur Alessandro Gobbis cherche \u00e0 identifier ces individus qui auraient pay\u00e9 jusqu\u2019\u00e0 100 000 euros pour aller \u00abjouer \u00e0 la guerre\u00bb et tuer des civils sans d\u00e9fense. Ces derniers tentaient de s\u2019approvisionner, de se fournir en bois, en eau ou de se d\u00e9placer dans une ville lourdement bombard\u00e9e et sous le feu des tireurs qui les traquaient aux carrefours, sur les avenues (la tragique \u00abSniper Alley\u00bb, toute en ligne droite).<\/p>\n<p class=\"sc-cPiKLX AiZTS text-element\">Entour\u00e9e de montagnes, Sarajevo offre de nombreux po<\/p>\n","protected":false},"excerpt":{"rendered":"A Sarajevo, certains les appelaient les \u00absnipers du week-end\u00bb. Des individus qui se rendaient dans la capitale bosnienne&hellip;\n","protected":false},"author":2,"featured_media":535736,"comment_status":"","ping_status":"","sticky":false,"template":"","format":"standard","meta":{"footnotes":""},"categories":[5],"tags":[11,13307,13308,1011,27,9267,14,452,12,28],"class_list":{"0":"post-535735","1":"post","2":"type-post","3":"status-publish","4":"format-standard","5":"has-post-thumbnail","7":"category-international","8":"tag-actualites","9":"tag-balkans","10":"tag-bosnie-herzegovine","11":"tag-fr","12":"tag-france","13":"tag-genocide","14":"tag-international","15":"tag-italie","16":"tag-news","17":"tag-world"},"share_on_mastodon":{"url":"https:\/\/pubeurope.com\/@fr\/115553151528805897","error":""},"_links":{"self":[{"href":"https:\/\/www.europesays.com\/fr\/wp-json\/wp\/v2\/posts\/535735","targetHints":{"allow":["GET"]}}],"collection":[{"href":"https:\/\/www.europesays.com\/fr\/wp-json\/wp\/v2\/posts"}],"about":[{"href":"https:\/\/www.europesays.com\/fr\/wp-json\/wp\/v2\/types\/post"}],"author":[{"embeddable":true,"href":"https:\/\/www.europesays.com\/fr\/wp-json\/wp\/v2\/users\/2"}],"replies":[{"embeddable":true,"href":"https:\/\/www.europesays.com\/fr\/wp-json\/wp\/v2\/comments?post=535735"}],"version-history":[{"count":0,"href":"https:\/\/www.europesays.com\/fr\/wp-json\/wp\/v2\/posts\/535735\/revisions"}],"wp:featuredmedia":[{"embeddable":true,"href":"https:\/\/www.europesays.com\/fr\/wp-json\/wp\/v2\/media\/535736"}],"wp:attachment":[{"href":"https:\/\/www.europesays.com\/fr\/wp-json\/wp\/v2\/media?parent=535735"}],"wp:term":[{"taxonomy":"category","embeddable":true,"href":"https:\/\/www.europesays.com\/fr\/wp-json\/wp\/v2\/categories?post=535735"},{"taxonomy":"post_tag","embeddable":true,"href":"https:\/\/www.europesays.com\/fr\/wp-json\/wp\/v2\/tags?post=535735"}],"curies":[{"name":"wp","href":"https:\/\/api.w.org\/{rel}","templated":true}]}}