{"id":535749,"date":"2025-11-15T10:14:13","date_gmt":"2025-11-15T10:14:13","guid":{"rendered":"https:\/\/www.europesays.com\/fr\/535749\/"},"modified":"2025-11-15T10:14:13","modified_gmt":"2025-11-15T10:14:13","slug":"le-conducteur-dun-scooter-blesse-le-chauffard-abandonne-sa-voiture-et-senfuit-a-pied","status":"publish","type":"post","link":"https:\/\/www.europesays.com\/fr\/535749\/","title":{"rendered":"le conducteur d&rsquo;un scooter bless\u00e9, le chauffard abandonne sa voiture et s&rsquo;enfuit \u00e0 pied"},"content":{"rendered":"<p>                    Par<br \/>\n        <strong><br \/>\n            <a href=\"https:\/\/actu.fr\/auteur\/jm-aubert\" title=\"Consulter tous les articles de Jean-Marc Aubert\" target=\"_blank\" rel=\"noopener\">Jean-Marc Aubert<\/a><br \/>\n                    <\/strong><\/p>\n<p>        Publi\u00e9 le<\/p>\n<p>            15 nov. 2025 \u00e0 9h59        <\/p>\n<p><strong>Grave collision<\/strong> ce samedi 15 novembre 2025, entre une voiture et un scooter, dans le quartier des Pr\u00e8s d\u2019Ar\u00e8nes, \u00e0 <strong>Montpellier.<\/strong> Le chauffard qui a percut\u00e9 le deux-roues a pris la fuite \u00e0 pied.<\/p>\n<p>    <a href=\"https:\/\/www.google.com\/maps\/embed?pb=!1m18!1m12!1m3!1d9655.32631695433!2d3.8709254942928073!3d43.5750628820299!2m3!1f0!2f0!3f0!3m2!1i1024!2i768!4f13.1!3m3!1m2!1s0x12b6afd69155f729%3A0xe4208fddebd5b8da!2sRue%20Montels%20de%20l%27%C3%89glise%2C%2034970!5e0!3m2!1sfr!2sfr!4v1763196405323!5m2!1sfr!2sfr\" title=\"Ouvrie le lien\" target=\"_blank\" rel=\"noopener\">Cliquez ici pour visualiser le contenu<\/a><\/p>\n<p class=\" wall-content\">L\u2019accident s\u2019est produit vers 6h30, dans la rue Montels de l\u2019\u00c9glise, peu apr\u00e8s l\u2019intersection avec l\u2019avenue du March\u00e9-Gare. Le pilote d\u2019un scooter qui venait des Pr\u00e8s d\u2019Ar\u00e8nes et qui se dirigeait vers Garosud a \u00e9t\u00e9 violemment percut\u00e9 par une voiture.<\/p>\n<p class=\" wall-content\">Le conducteur de celle-ci s\u2019est, en effet d\u00e9port\u00e9 compl\u00e8tement sur la gauche, pour heurter frontalement le scooter, dont le conducteur a \u00e9t\u00e9 secouru dans un \u00e9tat grave : il souffre d\u2019une importante fracture \u00e0 une jambe. Ses jours ne seraient pas en danger au <strong>CHU de Montpellier,<\/strong> o\u00f9 il a \u00e9t\u00e9 transport\u00e9 d\u2019urgence par les sapeurs-pompiers du<strong> Sdis 34<\/strong> et un m\u00e9decin du Smur-Samu.<\/p>\n<p>Voiture pas signal\u00e9e vol\u00e9e<\/p>\n<p class=\" wall-content\">Le chauffard, indemne, a abandonn\u00e9 la victime \u00e0 son sort, et sa voiture, une Renault Clio, sur les lieux de l\u2019accident. Il a pris la fuite \u00e0 pied, selon des t\u00e9moins. <strong>Ce v\u00e9hicule ne serait pas signal\u00e9 vol\u00e9.<\/strong> Les policiers du commissariat central de Montpellier en charge de l\u2019enqu\u00eate recherchent activement le chauffard.<\/p>\n<p class=\" wall-content\">Personnalisez votre actualit\u00e9 en ajoutant vos villes et m\u00e9dias en favori avec <a href=\"https:\/\/moncompte.actu.fr\" title=\"D\u00e9couvez Mon Actu\" rel=\"nofollow noopener\" data-trk=\"{&quot;cta&quot;:{&quot;action&quot;:&quot;https:\\\/\\\/moncompte.actu.fr&quot;,&quot;category&quot;:&quot;mon compte&quot;,&quot;from&quot;:&quot;article footer&quot;,&quot;name&quot;:&quot;Mon actu&quot;,&quot;type&quot;:&quot;cta&quot;}}\" target=\"_blank\">Mon Actu<\/a>.<\/p>\n","protected":false},"excerpt":{"rendered":"Par Jean-Marc Aubert Publi\u00e9 le 15 nov. 2025 \u00e0 9h59 Grave collision ce samedi 15 novembre 2025, entre&hellip;\n","protected":false},"author":2,"featured_media":535750,"comment_status":"","ping_status":"","sticky":false,"template":"","format":"standard","meta":{"footnotes":""},"categories":[9599],"tags":[1111,11,15154,1777,674,118,1011,27,2208,12,2680,1072,1311,25],"class_list":{"0":"post-535749","1":"post","2":"type-post","3":"status-publish","4":"format-standard","5":"has-post-thumbnail","7":"category-montpellier","8":"tag-actu","9":"tag-actualites","10":"tag-chu-de-montpellier","11":"tag-eu","12":"tag-europe","13":"tag-faits-divers","14":"tag-fr","15":"tag-france","16":"tag-montpellier","17":"tag-news","18":"tag-occitanie","19":"tag-police","20":"tag-pompiers","21":"tag-republique-francaise"},"share_on_mastodon":{"url":"https:\/\/pubeurope.com\/@fr\/115553190885210411","error":""},"_links":{"self":[{"href":"https:\/\/www.europesays.com\/fr\/wp-json\/wp\/v2\/posts\/535749","targetHints":{"allow":["GET"]}}],"collection":[{"href":"https:\/\/www.europesays.com\/fr\/wp-json\/wp\/v2\/posts"}],"about":[{"href":"https:\/\/www.europesays.com\/fr\/wp-json\/wp\/v2\/types\/post"}],"author":[{"embeddable":true,"href":"https:\/\/www.europesays.com\/fr\/wp-json\/wp\/v2\/users\/2"}],"replies":[{"embeddable":true,"href":"https:\/\/www.europesays.com\/fr\/wp-json\/wp\/v2\/comments?post=535749"}],"version-history":[{"count":0,"href":"https:\/\/www.europesays.com\/fr\/wp-json\/wp\/v2\/posts\/535749\/revisions"}],"wp:featuredmedia":[{"embeddable":true,"href":"https:\/\/www.europesays.com\/fr\/wp-json\/wp\/v2\/media\/535750"}],"wp:attachment":[{"href":"https:\/\/www.europesays.com\/fr\/wp-json\/wp\/v2\/media?parent=535749"}],"wp:term":[{"taxonomy":"category","embeddable":true,"href":"https:\/\/www.europesays.com\/fr\/wp-json\/wp\/v2\/categories?post=535749"},{"taxonomy":"post_tag","embeddable":true,"href":"https:\/\/www.europesays.com\/fr\/wp-json\/wp\/v2\/tags?post=535749"}],"curies":[{"name":"wp","href":"https:\/\/api.w.org\/{rel}","templated":true}]}}