{"id":535753,"date":"2025-11-15T10:17:00","date_gmt":"2025-11-15T10:17:00","guid":{"rendered":"https:\/\/www.europesays.com\/fr\/535753\/"},"modified":"2025-11-15T10:17:00","modified_gmt":"2025-11-15T10:17:00","slug":"trois-personnes-blessees-apres-une-sortie-de-route-dont-une-grievement","status":"publish","type":"post","link":"https:\/\/www.europesays.com\/fr\/535753\/","title":{"rendered":"trois personnes bless\u00e9es apr\u00e8s une sortie de route, dont une gri\u00e8vement"},"content":{"rendered":"<p melodystyle=\"texte\">Selon nos confr\u00e8res du <a href=\"https:\/\/www.lecourriercauchois.fr\/actualite-392095-saint-pierre-en-port-une-voiture-fait-une-sortie-de-route-trois-blesses-dont-un-grave\" target=\"_blank\" rel=\"nofollow noopener\">Courrier Cauchois<\/a>, un accident s&rsquo;est produit vendredi 14\u00a0novembre vers 17h \u00e0 Saint-Pierre-en-Port pr\u00e8s des Grandes Dalles en Seine-Maritime. Trois personnes ont \u00e9t\u00e9 bless\u00e9es dont une gri\u00e8vement.<\/p>\n<p>Une voiture fait une sortie de route<\/p>\n<p melodystyle=\"texte\">Ce jour-l\u00e0, toujours d&rsquo;apr\u00e8s nos confr\u00e8res du Courrier Cauchois, une voiture, arrivant de la rue du Ch\u00e2teau, a fait une sortie de route, au croisement de la rue de la Mairie et a fini sa course dans un jardin. Les pompiers auraient indiqu\u00e9 que la perte de contr\u00f4le du v\u00e9hicule serait due \u00e0 une suspicion de malaise. Deux femmes et un homme de 57 ans ont \u00e9t\u00e9 bless\u00e9s.\u00a0La femme de 73 ans a \u00e9t\u00e9 l\u00e9g\u00e8rement bless\u00e9e, tandis que celle \u00e2g\u00e9e d&rsquo;une cinquantaine d&rsquo;ann\u00e9es a \u00e9t\u00e9 gri\u00e8vement bless\u00e9e. Cette derni\u00e8re a \u00e9t\u00e9 h\u00e9liport\u00e9e vers le CHU Charles-Nicolle de Rouen.<\/p>\n","protected":false},"excerpt":{"rendered":"Selon nos confr\u00e8res du Courrier Cauchois, un accident s&rsquo;est produit vendredi 14\u00a0novembre vers 17h \u00e0 Saint-Pierre-en-Port pr\u00e8s des&hellip;\n","protected":false},"author":2,"featured_media":535754,"comment_status":"","ping_status":"","sticky":false,"template":"","format":"standard","meta":{"footnotes":""},"categories":[9587],"tags":[1111,11,1777,674,1011,27,12,5161,25,9590],"class_list":{"0":"post-535753","1":"post","2":"type-post","3":"status-publish","4":"format-standard","5":"has-post-thumbnail","7":"category-rouen","8":"tag-actu","9":"tag-actualites","10":"tag-eu","11":"tag-europe","12":"tag-fr","13":"tag-france","14":"tag-news","15":"tag-normandie","16":"tag-republique-francaise","17":"tag-rouen"},"share_on_mastodon":{"url":"","error":""},"_links":{"self":[{"href":"https:\/\/www.europesays.com\/fr\/wp-json\/wp\/v2\/posts\/535753","targetHints":{"allow":["GET"]}}],"collection":[{"href":"https:\/\/www.europesays.com\/fr\/wp-json\/wp\/v2\/posts"}],"about":[{"href":"https:\/\/www.europesays.com\/fr\/wp-json\/wp\/v2\/types\/post"}],"author":[{"embeddable":true,"href":"https:\/\/www.europesays.com\/fr\/wp-json\/wp\/v2\/users\/2"}],"replies":[{"embeddable":true,"href":"https:\/\/www.europesays.com\/fr\/wp-json\/wp\/v2\/comments?post=535753"}],"version-history":[{"count":0,"href":"https:\/\/www.europesays.com\/fr\/wp-json\/wp\/v2\/posts\/535753\/revisions"}],"wp:featuredmedia":[{"embeddable":true,"href":"https:\/\/www.europesays.com\/fr\/wp-json\/wp\/v2\/media\/535754"}],"wp:attachment":[{"href":"https:\/\/www.europesays.com\/fr\/wp-json\/wp\/v2\/media?parent=535753"}],"wp:term":[{"taxonomy":"category","embeddable":true,"href":"https:\/\/www.europesays.com\/fr\/wp-json\/wp\/v2\/categories?post=535753"},{"taxonomy":"post_tag","embeddable":true,"href":"https:\/\/www.europesays.com\/fr\/wp-json\/wp\/v2\/tags?post=535753"}],"curies":[{"name":"wp","href":"https:\/\/api.w.org\/{rel}","templated":true}]}}