{"id":535755,"date":"2025-11-15T10:19:07","date_gmt":"2025-11-15T10:19:07","guid":{"rendered":"https:\/\/www.europesays.com\/fr\/535755\/"},"modified":"2025-11-15T10:19:07","modified_gmt":"2025-11-15T10:19:07","slug":"concert-tchaikovsky-rimski-korsakov-a-rouen-theatre-des-arts-places-billets-reservations","status":"publish","type":"post","link":"https:\/\/www.europesays.com\/fr\/535755\/","title":{"rendered":"Concert Tcha\u00efkovsky, Rimski-Korsakov \u00e0 Rouen, Th\u00e9\u00e2tre des Arts : places, billets, r\u00e9servations"},"content":{"rendered":"<p class=\"fw-bold font-size-16 my-1\"> Du 05\/12\/2025 au 06\/12\/2025<\/p>\n<p class=\"fw-bold font-size-16 my-1\"> <a class=\"mr-2\" href=\"https:\/\/www.jds.fr\/rouen\/salles-spectacle\/theatre-des-arts-17771_L\" rel=\"nofollow noopener\" target=\"_blank\">Th\u00e9\u00e2tre des Arts<\/a> | <a href=\"https:\/\/www.jds.fr\/rouen\/\" rel=\"nofollow noopener\" target=\"_blank\">Rouen<\/a><\/p>\n<p class=\"fw-bold font-size-16 my-1\"> <a href=\"https:\/\/www.jds.fr\/artistes\/pierre-dumoussaud-25519_N\" rel=\"nofollow noopener\" target=\"_blank\">Pierre Dumoussaud : dates de la tourn\u00e9e<\/a><\/p>\n<p>Xavier Phillips<br \/>Orchestre de l\u2019Op\u00e9ra <br \/>Normandie Rouen<\/p>\n<p class=\"fw-bold font-size-16 my-1\"> De 7\u20ac \u00e0 38\u20ac <\/p>\n<p style=\"direction: ltr;\">Dur\u00e9e 2h, entracte inclus<\/p>\n<p style=\"direction: ltr;\"><strong>Deux grands r\u00e9cits se rencontrent dans ce concert <\/strong><strong>aux couleurs flamboyantes\u00a0: de l\u2019amour tragique <\/strong><strong>de Rom\u00e9o et Juliette \u00e0 la magie orientale de <\/strong><strong>Sch\u00e9h\u00e9razade, la musique raconte, bouleverse <\/strong><strong>et \u00e9merveille.<\/strong><\/p>\n<p style=\"direction: ltr;\">L\u2019\u00e2me romantique de Tcha\u00efkovski s\u2019exprime avec intensit\u00e9 dans son Ouverture fantaisie de Rom\u00e9o et Juliette, fresque dramatique aux \u00e9lans poignants, sans mots, port\u00e9 par la seule force symphonique.\u00a0<\/p>\n<p style=\"direction: ltr;\">Dans Sch\u00e9h\u00e9razade, conte orchestral aux mille et une couleurs, Rimski Korsakov, magicien des timbres, nous emporte dans un Orient r\u00eav\u00e9, entre temp\u00eates marines et r\u00e9cits merveilleux. Entre les tourments de l\u2019amour et les mirages de l\u2019Orient, le lyrisme du Concertstuck de Juliette Folville met en lumi\u00e8re le violoncelle de Xavier Phillips, intime et lumineux.<\/p>\n<p style=\"direction: ltr;\">\u00a0<\/p>\n<p style=\"direction: ltr;\">Dans le cadre de la saison Unanimes\u00a0!, initiative de l\u2019Association Fran\u00e7aise des Orchestres<\/p>\n<p style=\"direction: ltr;\">\u00a0<\/p>\n<p style=\"direction: ltr;\">Rencontre et r\u00e9p\u00e9tition ouverte, mercredi 3 d\u00e9c. 14h<\/p>\n<p style=\"direction: ltr;\">Introduction \u00e0 l\u2019\u0153uvre, 1h avant le spectacle<\/p>\n<p><a data-lightbox=\"article\" data-title=\"Tcha\u00efkovsky,  Rimski-Korsakov \u00a9 \u00a9Julien-Benhamou\" class=\"image detail fullwidth  position-relative d-block\" href=\"https:\/\/www.jds.fr\/medias\/image\/0-26215900-1762946561-769947-920-0-F.webp\" title=\"Tcha\u00efkovsky,  Rimski-Korsakov \u00a9 \u00a9Julien-Benhamou\" rel=\"nofollow noopener\" target=\"_blank\"><br \/>\n<img decoding=\"async\" loading=\"lazy\" src=\"https:\/\/www.europesays.com\/fr\/wp-content\/uploads\/2025\/11\/0-26215900-1762946561-769947-1200-0.webp.webp\"   width=\"685\" alt=\"Tcha\u00efkovsky,  Rimski-Korsakov\" class=\"border\"\/><br \/>\n\u00a9 \u00a9Julien-Benhamou<br \/>\nTcha\u00efkovsky,  Rimski-Korsakov<br \/>\n<\/a><\/p>\n<p>            Renseignements<\/p>\n<p><strong class=\"font-size-18\">O\u00f9\u00a0:<\/strong><br \/><a class=\"mt-1 d-block \" href=\"https:\/\/www.jds.fr\/rouen\/salles-spectacle\/theatre-des-arts-17771_L\" rel=\"nofollow noopener\" target=\"_blank\"> Th\u00e9\u00e2tre des Arts &#8211; Rouen<\/a><a class=\"mt-1 d-block ps-4\" href=\"https:\/\/www.jds.fr\/rouen\/\" rel=\"nofollow noopener\" target=\"_blank\"> 76000 Rouen<\/a><\/p>\n<p>Artiste\u00a0:<\/p>\n<p>Xavier Phillips<br \/>Orchestre de l\u2019Op\u00e9ra <br \/>Normandie Rouen<\/p>\n<p>Dates et horaires\u00a0: <\/p>\n<ul class=\"liste-dates \" id=\"liste-dates-6917b706d5290\">\n<li>Vendredi 5 D\u00e9cembre 2025 de 20h \u00e0 22h<\/li>\n<li>Samedi 6 D\u00e9cembre 2025 de 18h \u00e0 20h<\/li>\n<\/ul>\n<p>Tarifs\u00a0: Inscription, billetterie ou r\u00e9servation\u00a0: <\/p>\n<p>Les actualit\u00e9s \u00e0  Rouen<\/p>\n<ul class=\"mt-3 list-unstyled list-articles-v2\">\n<li class=\"col-12 pt-4\" data-view-id-type=\"1\" data-view-id=\"1248887\" data-view-bc=\"0\"><a class=\"image\" href=\"https:\/\/www.jds.fr\/rouen\/magazine\/sorties-du-week-end\/rouen-notre-selection-de-sorties-du-week-end-du-14-au-16-novembre-1248887_A\" rel=\"nofollow noopener\" target=\"_blank\"><img decoding=\"async\" loading=\"lazy\" src=\"https:\/\/www.europesays.com\/fr\/wp-content\/uploads\/2025\/11\/foire-saint-romain-a-rouen-769689-180-180.webp.webp\" width=\"180\" height=\"180\" alt=\"Rouen : notre s\u00e9lection de sorties du week-end du 14 au 16 novembre\" class=\"border\"\/><\/a><\/li>\n<\/ul>\n<p><a href=\"https:\/\/www.jds.fr\/rouen\/magazine\/\" class=\"btn btn-outline-primary py-2 px-4\" rel=\"nofollow noopener\" target=\"_blank\">Voir toutes les actualit\u00e9s \u00e0  Rouen<\/a><\/p>\n<p class=\"mt-0 mb-3 h2\">Newsletter JDS Rouen<\/p>\n<p class=\"font-size-18 fw-normal lh-sm\">Pr\u00eat pour un week-end de folie\u00a0? Chaque jeudi tous les bons plans sorties<\/p>\n","protected":false},"excerpt":{"rendered":"Du 05\/12\/2025 au 06\/12\/2025 Th\u00e9\u00e2tre des Arts | Rouen Pierre Dumoussaud : dates de la tourn\u00e9e Xavier PhillipsOrchestre&hellip;\n","protected":false},"author":2,"featured_media":535756,"comment_status":"","ping_status":"","sticky":false,"template":"","format":"standard","meta":{"footnotes":""},"categories":[9587],"tags":[1111,11,1777,674,1011,27,12,5161,25,9590],"class_list":{"0":"post-535755","1":"post","2":"type-post","3":"status-publish","4":"format-standard","5":"has-post-thumbnail","7":"category-rouen","8":"tag-actu","9":"tag-actualites","10":"tag-eu","11":"tag-europe","12":"tag-fr","13":"tag-france","14":"tag-news","15":"tag-normandie","16":"tag-republique-francaise","17":"tag-rouen"},"share_on_mastodon":{"url":"https:\/\/pubeurope.com\/@fr\/115553211348110380","error":""},"_links":{"self":[{"href":"https:\/\/www.europesays.com\/fr\/wp-json\/wp\/v2\/posts\/535755","targetHints":{"allow":["GET"]}}],"collection":[{"href":"https:\/\/www.europesays.com\/fr\/wp-json\/wp\/v2\/posts"}],"about":[{"href":"https:\/\/www.europesays.com\/fr\/wp-json\/wp\/v2\/types\/post"}],"author":[{"embeddable":true,"href":"https:\/\/www.europesays.com\/fr\/wp-json\/wp\/v2\/users\/2"}],"replies":[{"embeddable":true,"href":"https:\/\/www.europesays.com\/fr\/wp-json\/wp\/v2\/comments?post=535755"}],"version-history":[{"count":0,"href":"https:\/\/www.europesays.com\/fr\/wp-json\/wp\/v2\/posts\/535755\/revisions"}],"wp:featuredmedia":[{"embeddable":true,"href":"https:\/\/www.europesays.com\/fr\/wp-json\/wp\/v2\/media\/535756"}],"wp:attachment":[{"href":"https:\/\/www.europesays.com\/fr\/wp-json\/wp\/v2\/media?parent=535755"}],"wp:term":[{"taxonomy":"category","embeddable":true,"href":"https:\/\/www.europesays.com\/fr\/wp-json\/wp\/v2\/categories?post=535755"},{"taxonomy":"post_tag","embeddable":true,"href":"https:\/\/www.europesays.com\/fr\/wp-json\/wp\/v2\/tags?post=535755"}],"curies":[{"name":"wp","href":"https:\/\/api.w.org\/{rel}","templated":true}]}}