{"id":535757,"date":"2025-11-15T10:20:13","date_gmt":"2025-11-15T10:20:13","guid":{"rendered":"https:\/\/www.europesays.com\/fr\/535757\/"},"modified":"2025-11-15T10:20:13","modified_gmt":"2025-11-15T10:20:13","slug":"le-ps-et-les-ecolos-font-liste-commune-pour-les-municipales-2026","status":"publish","type":"post","link":"https:\/\/www.europesays.com\/fr\/535757\/","title":{"rendered":"le PS et les \u00e9colos font liste commune pour les municipales 2026"},"content":{"rendered":"<p>Franchement, c\u2019est quelque chose qu\u2019on n\u2019aurait pas pu imaginer il y a quelques ann\u00e9es. M\u00eame, il y a quelques mois, on aurait pu \u00e9mettre de sacr\u00e9s gros doutes sur une telle \u00e9ventualit\u00e9.<\/p>\n<p>Mais apr\u00e8s des d\u00e9cennies de tensions entre ces gauches grenobloises qu\u2019on croyait irr\u00e9conciliables, le PS et les \u00e9cologistes ont annonc\u00e9 ce vendredi soir 14\u00a0novembre leur accord pour les \u00e9lections municipales de mars\u00a02026.<\/p>\n<p>Ensemble, ils partiront donc au premier tour. \u00ab\u00a0C\u2019est historique\u00a0\u00bb, ont r\u00e9p\u00e9t\u00e9 <a href=\"https:\/\/www.ledauphine.com\/elections\/2025\/07\/04\/municipales-2026-ce-que-le-ps-propose-clairement-aux-ecologistes\" target=\"_blank\" rel=\"noopener\">la cheffe&#8230;<\/a><\/p>\n","protected":false},"excerpt":{"rendered":"Franchement, c\u2019est quelque chose qu\u2019on n\u2019aurait pas pu imaginer il y a quelques ann\u00e9es. M\u00eame, il y a&hellip;\n","protected":false},"author":2,"featured_media":535758,"comment_status":"","ping_status":"","sticky":false,"template":"","format":"standard","meta":{"footnotes":""},"categories":[9566],"tags":[1111,11,2430,112,4188,1777,674,107,1011,27,2731,2732,108,3539,12,8387,3541,316,25],"class_list":{"0":"post-535757","1":"post","2":"type-post","3":"status-publish","4":"format-standard","5":"has-post-thumbnail","7":"category-grenoble","8":"tag-actu","9":"tag-actualites","10":"tag-auvergne-rhone-alpes","11":"tag-edition-grenoble-agglomeration","12":"tag-elections-municipales","13":"tag-eu","14":"tag-europe","15":"tag-fil-info","16":"tag-fr","17":"tag-france","18":"tag-grenoble","19":"tag-grenoble-bassin","20":"tag-isere","21":"tag-les-ecologistes","22":"tag-news","23":"tag-parti-communiste","24":"tag-parti-socialiste","25":"tag-politique","26":"tag-republique-francaise"},"share_on_mastodon":{"url":"https:\/\/pubeurope.com\/@fr\/115553214480694536","error":""},"_links":{"self":[{"href":"https:\/\/www.europesays.com\/fr\/wp-json\/wp\/v2\/posts\/535757","targetHints":{"allow":["GET"]}}],"collection":[{"href":"https:\/\/www.europesays.com\/fr\/wp-json\/wp\/v2\/posts"}],"about":[{"href":"https:\/\/www.europesays.com\/fr\/wp-json\/wp\/v2\/types\/post"}],"author":[{"embeddable":true,"href":"https:\/\/www.europesays.com\/fr\/wp-json\/wp\/v2\/users\/2"}],"replies":[{"embeddable":true,"href":"https:\/\/www.europesays.com\/fr\/wp-json\/wp\/v2\/comments?post=535757"}],"version-history":[{"count":0,"href":"https:\/\/www.europesays.com\/fr\/wp-json\/wp\/v2\/posts\/535757\/revisions"}],"wp:featuredmedia":[{"embeddable":true,"href":"https:\/\/www.europesays.com\/fr\/wp-json\/wp\/v2\/media\/535758"}],"wp:attachment":[{"href":"https:\/\/www.europesays.com\/fr\/wp-json\/wp\/v2\/media?parent=535757"}],"wp:term":[{"taxonomy":"category","embeddable":true,"href":"https:\/\/www.europesays.com\/fr\/wp-json\/wp\/v2\/categories?post=535757"},{"taxonomy":"post_tag","embeddable":true,"href":"https:\/\/www.europesays.com\/fr\/wp-json\/wp\/v2\/tags?post=535757"}],"curies":[{"name":"wp","href":"https:\/\/api.w.org\/{rel}","templated":true}]}}