{"id":535761,"date":"2025-11-15T10:22:12","date_gmt":"2025-11-15T10:22:12","guid":{"rendered":"https:\/\/www.europesays.com\/fr\/535761\/"},"modified":"2025-11-15T10:22:12","modified_gmt":"2025-11-15T10:22:12","slug":"gelees-et-neige-fondue-sont-attendues","status":"publish","type":"post","link":"https:\/\/www.europesays.com\/fr\/535761\/","title":{"rendered":"gel\u00e9es et neige fondue sont attendues"},"content":{"rendered":"<p>                    Par<br \/>\n        <strong><br \/>\n            <a href=\"https:\/\/actu.fr\/auteur\/clemence-pays02-actu-fr\" title=\"Consulter tous les articles de Cl\u00e9mence Pays\" rel=\"nofollow noopener\" target=\"_blank\">Cl\u00e9mence Pays<\/a><br \/>\n                    <\/strong><\/p>\n<p>        Publi\u00e9 le<\/p>\n<p>            15 nov. 2025 \u00e0 10h54        <\/p>\n<p>Alors que l\u2019automne est rest\u00e9 doux en <a href=\"https:\/\/actu.fr\/bretagne\/\" rel=\"nofollow noopener\" target=\"_blank\">Bretagne<\/a>, <strong>la m\u00e9t\u00e9o va changer<\/strong> dans les jours \u00e0 venir avec <strong>\u00ab\u2009une baisse drastique\u2009\u00bb des temp\u00e9ratures<\/strong> et une semaine \u00ab\u2009hivernale\u2009\u00bb \u00e0 partir du lundi 17\u00a0novembre 2025, pr\u00e9vient S\u00e9bastien Decaux, m\u00e9t\u00e9orologue pour <a href=\"https:\/\/www.meteo.bzh\/\" rel=\"nofollow noopener\" target=\"_blank\">M\u00e9t\u00e9o Bretagne<\/a>.<\/p>\n<p class=\" wall-content\">Ce week-end, des <strong>15 et 16\u00a0novembre,<\/strong> va \u00eatre marqu\u00e9 par <strong>\u00ab\u2009la grisaille et des averses\u2009\u00bb,<\/strong> mais les temp\u00e9ratures resteront l\u00e9g\u00e8rement au-dessus des normales de saison dans la r\u00e9gion avec 14 \u00e0 16\u00b0C samedi et 13 \u00e0 15\u00b0C pour les maximales de dimanche.<\/p>\n<p>Un courant venu du p\u00f4le Nord<\/p>\n<p class=\" wall-content\">\u00ab\u2009Jusqu\u2019ici, on a eu une <strong>douceur exceptionnelle\u2009\u00bb,<\/strong> rel\u00e8ve S\u00e9bastien Decaux. Vendredi 14\u00a0novembre, il a d\u2019ailleurs fait <strong>extraordinairement chaud<\/strong> pour un mois de novembre. Les stations m\u00e9t\u00e9o ont par exemple relev\u00e9 <strong>19,8\u00b0C<\/strong> \u00e0 <a href=\"https:\/\/actu.fr\/rennes\/\" rel=\"nofollow noopener\" target=\"_blank\">Rennes<\/a> (Ille-et-Vilaine) soit 7,3\u00b0C au-dessus des normales\u2009; <strong>20,6\u00b0C<\/strong> \u00e0 <a href=\"https:\/\/actu.fr\/bretagne\/plovan_29214\" rel=\"nofollow noopener\" target=\"_blank\">Plovan<\/a> (Finist\u00e8re)\u2009; <strong>19\u00b0C<\/strong> \u00e0 <a href=\"https:\/\/actu.fr\/morbihan\/\" rel=\"nofollow noopener\" target=\"_blank\">Vannes<\/a> (Morbihan) et <strong>19,4\u00b0C<\/strong> \u00e0 <a href=\"https:\/\/actu.fr\/bretagne\/saint-cast-le-guildo_22282\" rel=\"nofollow noopener\" target=\"_blank\">Saint-Cast-le-Guildo<\/a> (C\u00f4tes-d\u2019Armor).<\/p>\n<p class=\" wall-content\">\n<p class=\" wall-content\">\u00c0 pr\u00e9sent, <strong>la m\u00e9t\u00e9o va \u00ab\u2009radicalement changer de physionomie\u2009\u00bb<\/strong> avec l\u2019arriv\u00e9e d\u2019un \u00ab\u2009courant venu du p\u00f4le Nord\u2009\u00bb.<\/p>\n<p class=\" wall-content\">Lundi 17\u00a0novembre, les temp\u00e9ratures passeront <strong>\u00ab\u2009en dessous des normales de saison\u2009\u00bb,<\/strong> pr\u00e9voit le m\u00e9t\u00e9orologue.<\/p>\n<blockquote class=\"ac-article-quote wall-content\">\n<p>Le temps sera sec avec une bise et un flux de secteur nord-est. Le vent soufflera de 40 \u00e0 50 km\/h. Le ciel sera nuageux le matin et de belles \u00e9claircies appara\u00eetront l&rsquo;apr\u00e8s-midi. <\/p>\n<p>    <strong>S\u00e9bastien Decaux<\/strong><br \/>\n        M\u00e9t\u00e9orologue pour M\u00e9t\u00e9o Bretagne    <\/p><\/blockquote>\n<p class=\" wall-content\">Mais, \u00ab\u2009il ne fera <strong>pas plus de 9 \u00e0 12\u00b0C<\/strong> maximum, contre 12-13\u00b0C normalement\u2009\u00bb.<\/p>\n<p>Votre r\u00e9gion, votre actu !<\/p>\n<p>Recevez chaque jour les infos qui comptent pour vous.<\/p>\n<p>\t<a href=\"https:\/\/actu.fr\/newsletter\" class=\"ac-btn ac-btn--corner ac-btn--medium ac-btn--blue800\" rel=\"nofollow noopener\" target=\"_blank\">S&rsquo;incrire<\/a><br \/>\nL\u2019arriv\u00e9e des premi\u00e8res gel\u00e9es<\/p>\n<p class=\" wall-content\">Dans la nuit de lundi \u00e0 mardi, le ciel sera d\u00e9gag\u00e9 et la fra\u00eecheur toujours bien pr\u00e9sente. Avec des minimales de <strong>0 \u00e0 -1\u00b0C<\/strong> en Bretagne mardi 18\u00a0novembre, les <strong>premi\u00e8res gel\u00e9es matinales<\/strong> pourraient faire leur apparition.<\/p>\n<p class=\" wall-content\">Jusqu\u2019ici, il n\u2019y a pas eu de gel\u00e9es, \u00ab\u2009ce qui est assez <strong>rare<\/strong> pour la p\u00e9riode en Bretagne\u2009\u00bb remarque S\u00e9bastien Decaux.<\/p>\n<p class=\" wall-content\">Dans l\u2019apr\u00e8s-midi,<strong> le ciel sera \u00ab\u2009plus nuageux, surtout \u00e0 l\u2019ouest\u2009\u00bb<\/strong> de la r\u00e9gion.<\/p>\n<p>Des giboul\u00e9es et de la neige fondue<\/p>\n<p class=\" wall-content\">Mercredi\u00a019 et jeudi 20\u00a0novembre, il faut s\u2019attendre \u00e0 \u00ab\u2009plus d\u2019<strong>humidit\u00e9<\/strong> dans l\u2019air, ce qui va se traduire par des <strong>giboul\u00e9es\u2009\u00bb.<\/strong> Localement, \u00ab\u2009de la <strong>neige fondue<\/strong> pourra se m\u00ealer \u00e0 la pluie\u2009\u00bb selon plusieurs mod\u00e8les m\u00e9t\u00e9o. Un ph\u00e9nom\u00e8ne qui n\u2019a \u00ab\u2009rien d\u2019extraordinaire\u2009\u00bb pour la saison.<\/p>\n<blockquote class=\"ac-article-quote wall-content\">\n<p>On passe d&rsquo;un flux sud \u00e0 un flux nord sans transition en 48 heures. Pour l&rsquo;organisme, \u00e7a va donner une impression de tr\u00e8s froid alors qu&rsquo;il fera frais. Il va falloir se couvrir, sortir les bonnets et les \u00e9charpes. Ce seront les premi\u00e8res sensations hivernales.<\/p>\n<p>    <strong>S\u00e9bastien Decaux<\/strong><br \/>\n        M\u00e9t\u00e9orologue pour M\u00e9t\u00e9o Bretagne    <\/p><\/blockquote>\n<p class=\" wall-content\">Pour la fin de semaine prochaine, il est encore un peu t\u00f4t pour pr\u00e9dire la m\u00e9t\u00e9o. Mais il est probable que <strong>\u00ab\u2009le temps froid et humide\u2009\u00bb dure.<\/strong><\/p>\n<p class=\" wall-content\">Personnalisez votre actualit\u00e9 en ajoutant vos villes et m\u00e9dias en favori avec <a href=\"https:\/\/moncompte.actu.fr\" title=\"D\u00e9couvez Mon Actu\" rel=\"nofollow noopener\" data-trk=\"{&quot;cta&quot;:{&quot;action&quot;:&quot;https:\\\/\\\/moncompte.actu.fr&quot;,&quot;category&quot;:&quot;mon compte&quot;,&quot;from&quot;:&quot;article footer&quot;,&quot;name&quot;:&quot;Mon actu&quot;,&quot;type&quot;:&quot;cta&quot;}}\" target=\"_blank\">Mon Actu<\/a>.<\/p>\n","protected":false},"excerpt":{"rendered":"Par Cl\u00e9mence Pays Publi\u00e9 le 15 nov. 2025 \u00e0 10h54 Alors que l\u2019automne est rest\u00e9 doux en Bretagne,&hellip;\n","protected":false},"author":2,"featured_media":535762,"comment_status":"","ping_status":"","sticky":false,"template":"","format":"standard","meta":{"footnotes":""},"categories":[2821],"tags":[1111,11,829,1777,674,1011,27,3447,2487,2357,10584,12,584,25],"class_list":{"0":"post-535761","1":"post","2":"type-post","3":"status-publish","4":"format-standard","5":"has-post-thumbnail","7":"category-rennes","8":"tag-actu","9":"tag-actualites","10":"tag-bretagne","11":"tag-eu","12":"tag-europe","13":"tag-fr","14":"tag-france","15":"tag-froid","16":"tag-meteo","17":"tag-meteo-france","18":"tag-neige","19":"tag-news","20":"tag-rennes","21":"tag-republique-francaise"},"share_on_mastodon":{"url":"https:\/\/pubeurope.com\/@fr\/115553222369045123","error":""},"_links":{"self":[{"href":"https:\/\/www.europesays.com\/fr\/wp-json\/wp\/v2\/posts\/535761","targetHints":{"allow":["GET"]}}],"collection":[{"href":"https:\/\/www.europesays.com\/fr\/wp-json\/wp\/v2\/posts"}],"about":[{"href":"https:\/\/www.europesays.com\/fr\/wp-json\/wp\/v2\/types\/post"}],"author":[{"embeddable":true,"href":"https:\/\/www.europesays.com\/fr\/wp-json\/wp\/v2\/users\/2"}],"replies":[{"embeddable":true,"href":"https:\/\/www.europesays.com\/fr\/wp-json\/wp\/v2\/comments?post=535761"}],"version-history":[{"count":0,"href":"https:\/\/www.europesays.com\/fr\/wp-json\/wp\/v2\/posts\/535761\/revisions"}],"wp:featuredmedia":[{"embeddable":true,"href":"https:\/\/www.europesays.com\/fr\/wp-json\/wp\/v2\/media\/535762"}],"wp:attachment":[{"href":"https:\/\/www.europesays.com\/fr\/wp-json\/wp\/v2\/media?parent=535761"}],"wp:term":[{"taxonomy":"category","embeddable":true,"href":"https:\/\/www.europesays.com\/fr\/wp-json\/wp\/v2\/categories?post=535761"},{"taxonomy":"post_tag","embeddable":true,"href":"https:\/\/www.europesays.com\/fr\/wp-json\/wp\/v2\/tags?post=535761"}],"curies":[{"name":"wp","href":"https:\/\/api.w.org\/{rel}","templated":true}]}}