{"id":535763,"date":"2025-11-15T10:23:26","date_gmt":"2025-11-15T10:23:26","guid":{"rendered":"https:\/\/www.europesays.com\/fr\/535763\/"},"modified":"2025-11-15T10:23:26","modified_gmt":"2025-11-15T10:23:26","slug":"ce-quil-faut-savoir-avant-le-match-de-rugby-rcv-grenoble-a-rennes-sport","status":"publish","type":"post","link":"https:\/\/www.europesays.com\/fr\/535763\/","title":{"rendered":"Ce qu\u2019il faut savoir avant le match de rugby RCV-Grenoble \u00e0 Rennes . Sport"},"content":{"rendered":"<tr wp_automatic_readability=\"5.865671641791\">\n<td valign=\"middle\" align=\"center\" class=\"col-logo\" wp_automatic_readability=\"5\">\n    <img decoding=\"async\" src=\"https:\/\/maville.com\/design\/images\/logo-of-monetise.svg?version=20130627\" alt=\"logo Ouest-France\" height=\"66\"\/><\/p>\n<p>Contenu r\u00e9serv\u00e9 aux abonn\u00e9s<\/p>\n<\/td>\n<td class=\"col-titre\">\n\t\t\tSamedi 15 novembre 2025 09:17<br \/>\n\t\t\t<a class=\"icon-bulle sizeL count\" href=\"#ancreAvis\"><br \/>\n\t&#8230;<br \/>\n<\/a><\/td>\n<\/tr>\n<p>\t\t<a class=\"mavillebox2 elmt-photo\" href=\"https:\/\/maville.com\/photosmvi\/2025\/11\/15\/P35582333D7065152G.jpg\" title=\" Le Roazhon Park troquera dimanche ses couleurs traditionnelles des Rouge et Noir pour celles des Bleu et Blanc.  \u00a9  Thomas Br\u00e9gardis \/ Ouest-France  \" rel=\"galerie_actu noopener\" target=\"_blank\"><br \/>\n\t<img decoding=\"async\" src=\"https:\/\/www.europesays.com\/fr\/wp-content\/uploads\/2025\/11\/P35582333D7065152G_crop_640-330_.jpg\" alt=\"photo  le roazhon park troquera dimanche ses couleurs traditionnelles des rouge et noir pour celles des bleu et blanc.  \u00a9  thomas br\u00e9gardis \/ ouest-france \"\/><br \/>\n\t1<br \/>\n<\/a><\/p>\n<p class=\"elmt-legende\"> Le Roazhon Park troquera dimanche ses couleurs traditionnelles des Rouge et Noir pour celles des Bleu et Blanc.  \u00a9  Thomas Br\u00e9gardis \/ Ouest-France  <\/p>\n<p>\t\t29\u00a0000\u00a0supporters seront mass\u00e9s dans le Roazhon Park \u00e0 Rennes (Ille-et-Vilaine), dimanche 16\u00a0novembre 2025, \u00e0 21\u00a0h. Un match \u00e0 guichets ferm\u00e9s qui s\u2019annonce comme une grande f\u00eate du rugby breton.<\/p>\n<p><b>Cet article est r\u00e9serv\u00e9 aux abonn\u00e9s<\/b><\/p>\n<p>Pour un acc\u00e8s imm\u00e9diat, abonnez-vous<\/p>\n<p><b>1\u00e8re semaine offerte<\/b><\/p>\n<p>\t\t Patrick CROGUENNEC. \u00a0\u00a0<br \/>\n\t\tOuest-France<\/p>\n<p>Retrouvez d&rsquo;autres actus sur les communes de :<\/p>\n<p>\t\t&#13;<\/p>\n","protected":false},"excerpt":{"rendered":"Contenu r\u00e9serv\u00e9 aux abonn\u00e9s Samedi 15 novembre 2025 09:17 &#8230; 1 Le Roazhon Park troquera dimanche ses couleurs&hellip;\n","protected":false},"author":2,"featured_media":535764,"comment_status":"","ping_status":"","sticky":false,"template":"","format":"standard","meta":{"footnotes":""},"categories":[2821],"tags":[1111,11,3809,1465,829,1777,674,63,1011,27,1792,1922,12,584,25,479,517,1470],"class_list":{"0":"post-535763","1":"post","2":"type-post","3":"status-publish","4":"format-standard","5":"has-post-thumbnail","7":"category-rennes","8":"tag-actu","9":"tag-actualites","10":"tag-ball","11":"tag-basket","12":"tag-bretagne","13":"tag-eu","14":"tag-europe","15":"tag-football","16":"tag-fr","17":"tag-france","18":"tag-handball","19":"tag-info","20":"tag-news","21":"tag-rennes","22":"tag-republique-francaise","23":"tag-rugby","24":"tag-sport","25":"tag-volley"},"share_on_mastodon":{"url":"https:\/\/pubeurope.com\/@fr\/115553227297468290","error":""},"_links":{"self":[{"href":"https:\/\/www.europesays.com\/fr\/wp-json\/wp\/v2\/posts\/535763","targetHints":{"allow":["GET"]}}],"collection":[{"href":"https:\/\/www.europesays.com\/fr\/wp-json\/wp\/v2\/posts"}],"about":[{"href":"https:\/\/www.europesays.com\/fr\/wp-json\/wp\/v2\/types\/post"}],"author":[{"embeddable":true,"href":"https:\/\/www.europesays.com\/fr\/wp-json\/wp\/v2\/users\/2"}],"replies":[{"embeddable":true,"href":"https:\/\/www.europesays.com\/fr\/wp-json\/wp\/v2\/comments?post=535763"}],"version-history":[{"count":0,"href":"https:\/\/www.europesays.com\/fr\/wp-json\/wp\/v2\/posts\/535763\/revisions"}],"wp:featuredmedia":[{"embeddable":true,"href":"https:\/\/www.europesays.com\/fr\/wp-json\/wp\/v2\/media\/535764"}],"wp:attachment":[{"href":"https:\/\/www.europesays.com\/fr\/wp-json\/wp\/v2\/media?parent=535763"}],"wp:term":[{"taxonomy":"category","embeddable":true,"href":"https:\/\/www.europesays.com\/fr\/wp-json\/wp\/v2\/categories?post=535763"},{"taxonomy":"post_tag","embeddable":true,"href":"https:\/\/www.europesays.com\/fr\/wp-json\/wp\/v2\/tags?post=535763"}],"curies":[{"name":"wp","href":"https:\/\/api.w.org\/{rel}","templated":true}]}}