{"id":535772,"date":"2025-11-15T10:28:15","date_gmt":"2025-11-15T10:28:15","guid":{"rendered":"https:\/\/www.europesays.com\/fr\/535772\/"},"modified":"2025-11-15T10:28:15","modified_gmt":"2025-11-15T10:28:15","slug":"kev-adams-raconte-son-passage-insolite-aux-urgences-du-chu-de-nantes","status":"publish","type":"post","link":"https:\/\/www.europesays.com\/fr\/535772\/","title":{"rendered":"Kev Adams raconte son passage insolite aux urgences du CHU de Nantes"},"content":{"rendered":"<p>                    Par<br \/>\n        <strong><br \/>\n            <a href=\"https:\/\/actu.fr\/auteur\/laure-gentil\" title=\"Consulter tous les articles de Laure Gentil\" target=\"_blank\" rel=\"noopener\">Laure Gentil<\/a><br \/>\n                    <\/strong><\/p>\n<p>        Publi\u00e9 le<\/p>\n<p>            15 nov. 2025 \u00e0 10h08<br \/>\n        ; mis \u00e0 jour le 15 nov. 2025 \u00e0 10h09    <\/p>\n<p><b>Kev Adams<\/b> se souviendra longtemps de son passage au <b>CHU de Nantes<\/b>. Alors que l\u2019acteur et humoriste \u00e9tait aux urgences pour une blessure au pied, un membre de l\u2019\u00e9quipe hospitali\u00e8re lui a demand\u00e9 une photo pour le 25e l\u2019anniversaire d\u2019une interne. Kev Adams s\u2019est retrouv\u00e9 au bloc pour prendre ladite photo.<\/p>\n<p>    <a href=\"https:\/\/www.facebook.com\/plugins\/video.php?height=476&amp;href=https%3A%2F%2Fwww.facebook.com%2Freel%2F1823074408415029%2F&amp;show_text=false&amp;width=350&amp;t=0\" title=\"Ouvrie le lien\" target=\"_blank\" rel=\"noopener\">Cliquez ici pour visualiser le contenu<\/a><\/p>\n<p>\u00ab\u2009\u00c0 un moment donn\u00e9 je suis docteur House\u2009\u00bb.<\/p>\n<p class=\" wall-content\">\u00ab\u2009Moi je suis OK, je commence \u00e0 la suivre\u2009\u00bb, raconte l\u2019humoriste, tout en mimant un boitement devant les spectateurs qui rient. \u00ab\u2009Plus je la suis, plus elle me donne des accessoires\u2009: une charlotte, des gants, un masque, une blouse. \u00c0 un moment donn\u00e9 je suis docteur House\u2009\u00bb. Jusqu\u2019\u00e0 l\u2019arriv\u00e9e de Kev Adams au bloc, durant l\u2019op\u00e9ration d\u2019un homme qui \u00e9tait donc \u00ab\u2009ouvert, en coup\u00e9 cabriolet\u2009\u00bb. L\u2019acteur se laisse alors prendre en photo avec l\u2019\u00e9quipe.<\/p>\n<p class=\" wall-content\">O\u00f9 se trouve cette photo\u2009? Le myst\u00e8re reste entier, mais tout le monde aimerait beaucoup y jeter un \u0153il.<\/p>\n<p class=\" wall-content\">Personnalisez votre actualit\u00e9 en ajoutant vos villes et m\u00e9dias en favori avec <a href=\"https:\/\/moncompte.actu.fr\" title=\"D\u00e9couvez Mon Actu\" rel=\"nofollow noopener\" data-trk=\"{&quot;cta&quot;:{&quot;action&quot;:&quot;https:\\\/\\\/moncompte.actu.fr&quot;,&quot;category&quot;:&quot;mon compte&quot;,&quot;from&quot;:&quot;article footer&quot;,&quot;name&quot;:&quot;Mon actu&quot;,&quot;type&quot;:&quot;cta&quot;}}\" target=\"_blank\">Mon Actu<\/a>.<\/p>\n","protected":false},"excerpt":{"rendered":"Par Laure Gentil Publi\u00e9 le 15 nov. 2025 \u00e0 10h08 ; mis \u00e0 jour le 15 nov. 2025&hellip;\n","protected":false},"author":2,"featured_media":535773,"comment_status":"","ping_status":"","sticky":false,"template":"","format":"standard","meta":{"footnotes":""},"categories":[2818],"tags":[1111,11,7426,1777,674,1011,27,708,1757,6787,766,12,2636,25],"class_list":{"0":"post-535772","1":"post","2":"type-post","3":"status-publish","4":"format-standard","5":"has-post-thumbnail","7":"category-nantes","8":"tag-actu","9":"tag-actualites","10":"tag-chu-de-nantes","11":"tag-eu","12":"tag-europe","13":"tag-fr","14":"tag-france","15":"tag-humour","16":"tag-insolite","17":"tag-kev-adams","18":"tag-nantes","19":"tag-news","20":"tag-pays-de-la-loire","21":"tag-republique-francaise"},"share_on_mastodon":{"url":"https:\/\/pubeurope.com\/@fr\/115553245916731573","error":""},"_links":{"self":[{"href":"https:\/\/www.europesays.com\/fr\/wp-json\/wp\/v2\/posts\/535772","targetHints":{"allow":["GET"]}}],"collection":[{"href":"https:\/\/www.europesays.com\/fr\/wp-json\/wp\/v2\/posts"}],"about":[{"href":"https:\/\/www.europesays.com\/fr\/wp-json\/wp\/v2\/types\/post"}],"author":[{"embeddable":true,"href":"https:\/\/www.europesays.com\/fr\/wp-json\/wp\/v2\/users\/2"}],"replies":[{"embeddable":true,"href":"https:\/\/www.europesays.com\/fr\/wp-json\/wp\/v2\/comments?post=535772"}],"version-history":[{"count":0,"href":"https:\/\/www.europesays.com\/fr\/wp-json\/wp\/v2\/posts\/535772\/revisions"}],"wp:featuredmedia":[{"embeddable":true,"href":"https:\/\/www.europesays.com\/fr\/wp-json\/wp\/v2\/media\/535773"}],"wp:attachment":[{"href":"https:\/\/www.europesays.com\/fr\/wp-json\/wp\/v2\/media?parent=535772"}],"wp:term":[{"taxonomy":"category","embeddable":true,"href":"https:\/\/www.europesays.com\/fr\/wp-json\/wp\/v2\/categories?post=535772"},{"taxonomy":"post_tag","embeddable":true,"href":"https:\/\/www.europesays.com\/fr\/wp-json\/wp\/v2\/tags?post=535772"}],"curies":[{"name":"wp","href":"https:\/\/api.w.org\/{rel}","templated":true}]}}