{"id":535778,"date":"2025-11-15T10:31:13","date_gmt":"2025-11-15T10:31:13","guid":{"rendered":"https:\/\/www.europesays.com\/fr\/535778\/"},"modified":"2025-11-15T10:31:13","modified_gmt":"2025-11-15T10:31:13","slug":"les-pompiers-caillasses-une-femme-blessee-et-un-prefet-fache","status":"publish","type":"post","link":"https:\/\/www.europesays.com\/fr\/535778\/","title":{"rendered":"Les pompiers caillass\u00e9s, une femme bless\u00e9e et un pr\u00e9fet f\u00e2ch\u00e9"},"content":{"rendered":"<p>Un retour d\u2019intervention a bascul\u00e9 dans la violence ce vendredi \u00e0 <a href=\"https:\/\/www.20minutes.fr\/bordeaux\/\" target=\"_blank\" class=\"c-link c-link--is-underlined\" rel=\"noopener\">Bordeaux<\/a> (Gironde), lorsqu\u2019un v\u00e9hicule de la caserne d\u2019Ornano a \u00e9t\u00e9 pris pour cible par des jets de pierres, blessant l\u00e9g\u00e8rement la conductrice, une sapeur-pompier volontaire.<\/p>\n<p>Comme l\u2019ont rapport\u00e9 <a href=\"https:\/\/www.francebleu.fr\/infos\/faits-divers-justice\/bordeaux-un-vehicule-des-pompiers-caillasse-la-conductrice-blesse-2073551\" rel=\"nofollow noopener\" target=\"_blank\" class=\"c-link c-link--is-underlined\">France Bleu<\/a> et <a href=\"https:\/\/www.sudouest.fr\/gironde\/bordeaux\/bordeaux-un-vehicule-des-sapeurs-pompiers-caillasse-la-conductrice-legerement-blessee-26722620.php\" rel=\"nofollow noopener\" target=\"_blank\" class=\"c-link c-link--is-underlined\">Sud-Ouest<\/a>, l\u2019agression s\u2019est produite en fin de matin\u00e9e, pr\u00e8s de la place Ravezies, alors que l\u2019\u00e9quipage rejoignait ses locaux. Deux jeunes hommes auraient lanc\u00e9 plusieurs projectiles, dont l\u2019un a bris\u00e9 une vitre du v\u00e9hicule et touch\u00e9 la conductrice au visage. Cette derni\u00e8re a \u00e9t\u00e9 transport\u00e9e en urgence relative au centre hospitalier Saint-Andr\u00e9.<\/p>\n<\/p>\n<p>Les auteurs du caillassage activement recherch\u00e9s<\/p>\n<p>Le SDIS 33 a imm\u00e9diatement d\u00e9pos\u00e9 plainte, tandis que les auteurs pr\u00e9sum\u00e9s, qui ont pris la fuite, sont toujours recherch\u00e9s par les forces de l\u2019ordre.<\/p>\n<p><a href=\"https:\/\/www.20minutes.fr\/bordeaux\/\" target=\"_blank\" class=\"c-link c-btn c-btn--primary\" rel=\"noopener\">Toute l&rsquo;actualit\u00e9 \u00e0 Bordeaux<\/a><\/p>\n<p>Dans un message publi\u00e9 sur <a href=\"https:\/\/x.com\/PrefAquitaine33\/status\/1989347604606361693\" rel=\"nofollow\" target=\"_blank\" class=\"c-link c-link--is-underlined\">X<\/a>, le pr\u00e9fet de la Gironde Etienne Guyot a \u00ab\u00a0condamn\u00e9 fermement l\u2019agression\u00a0\u00bb, soulignant qu\u2019elle visait un v\u00e9hicule de secours en mission. Il a \u00e9galement apport\u00e9 \u00ab\u00a0tout son soutien \u00e0 la conductrice bless\u00e9e\u00a0\u00bb ainsi qu\u2019\u00e0 \u00ab\u00a0l\u2019ensemble des sapeurs-pompiers qui interviennent au quotidien pour prot\u00e9ger la population\u00a0\u00bb.<\/p>\n","protected":false},"excerpt":{"rendered":"Un retour d\u2019intervention a bascul\u00e9 dans la violence ce vendredi \u00e0 Bordeaux (Gironde), lorsqu\u2019un v\u00e9hicule de la caserne&hellip;\n","protected":false},"author":2,"featured_media":535779,"comment_status":"","ping_status":"","sticky":false,"template":"","format":"standard","meta":{"footnotes":""},"categories":[2817],"tags":[1111,47,11,1120,3177,1997,1777,674,118,1011,27,2905,100,12,2219,1311,25],"class_list":{"0":"post-535778","1":"post","2":"type-post","3":"status-publish","4":"format-standard","5":"has-post-thumbnail","7":"category-bordeaux","8":"tag-actu","9":"tag-actualite","10":"tag-actualites","11":"tag-agression","12":"tag-aquitaine","13":"tag-bordeaux","14":"tag-eu","15":"tag-europe","16":"tag-faits-divers","17":"tag-fr","18":"tag-france","19":"tag-gironde","20":"tag-hopital","21":"tag-news","22":"tag-nouvelle-aquitaine","23":"tag-pompiers","24":"tag-republique-francaise"},"share_on_mastodon":{"url":"https:\/\/pubeurope.com\/@fr\/115553257811174416","error":""},"_links":{"self":[{"href":"https:\/\/www.europesays.com\/fr\/wp-json\/wp\/v2\/posts\/535778","targetHints":{"allow":["GET"]}}],"collection":[{"href":"https:\/\/www.europesays.com\/fr\/wp-json\/wp\/v2\/posts"}],"about":[{"href":"https:\/\/www.europesays.com\/fr\/wp-json\/wp\/v2\/types\/post"}],"author":[{"embeddable":true,"href":"https:\/\/www.europesays.com\/fr\/wp-json\/wp\/v2\/users\/2"}],"replies":[{"embeddable":true,"href":"https:\/\/www.europesays.com\/fr\/wp-json\/wp\/v2\/comments?post=535778"}],"version-history":[{"count":0,"href":"https:\/\/www.europesays.com\/fr\/wp-json\/wp\/v2\/posts\/535778\/revisions"}],"wp:featuredmedia":[{"embeddable":true,"href":"https:\/\/www.europesays.com\/fr\/wp-json\/wp\/v2\/media\/535779"}],"wp:attachment":[{"href":"https:\/\/www.europesays.com\/fr\/wp-json\/wp\/v2\/media?parent=535778"}],"wp:term":[{"taxonomy":"category","embeddable":true,"href":"https:\/\/www.europesays.com\/fr\/wp-json\/wp\/v2\/categories?post=535778"},{"taxonomy":"post_tag","embeddable":true,"href":"https:\/\/www.europesays.com\/fr\/wp-json\/wp\/v2\/tags?post=535778"}],"curies":[{"name":"wp","href":"https:\/\/api.w.org\/{rel}","templated":true}]}}