{"id":535780,"date":"2025-11-15T10:32:15","date_gmt":"2025-11-15T10:32:15","guid":{"rendered":"https:\/\/www.europesays.com\/fr\/535780\/"},"modified":"2025-11-15T10:32:15","modified_gmt":"2025-11-15T10:32:15","slug":"voici-lavis-du-mangeur-masque-6","status":"publish","type":"post","link":"https:\/\/www.europesays.com\/fr\/535780\/","title":{"rendered":"voici l&rsquo;avis du Mangeur Masqu\u00e9"},"content":{"rendered":"<p>                    Par<br \/>\n        <strong><br \/>\n            <a href=\"https:\/\/actu.fr\/auteur\/redaction-toulouse\" title=\"Consulter tous les articles de R\u00e9daction de Toulouse\" target=\"_blank\" rel=\"noopener\">R\u00e9daction de Toulouse<\/a><br \/>\n                    <\/strong><\/p>\n<p>        Publi\u00e9 le<\/p>\n<p>            15 nov. 2025 \u00e0 11h00        <\/p>\n<p>C\u2019est <strong>un restaurant tr\u00e8s couru<\/strong> et pourtant, peu visible. Presque cach\u00e9 \u00e0 l\u2019entr\u00e9e des Minimes. Il faut le deviner dans cet immeuble d\u2019habitation. Car oui, c\u2019est bien dans un cadre atypique (un ancien appartement remodel\u00e9 en salle \u00e0 manger et \u00e0 boire) que le restaurant Les Planeurs a acquis avec les ann\u00e9es une solide r\u00e9putation. En grande partie gr\u00e2ce \u00e0 son chef japonais, <strong>Katsu Nakanishi<\/strong>. Surprise : ce f\u00e9ru de cuisine fran\u00e7aise a quitt\u00e9 l\u2019aventure en d\u00e9but d\u2019ann\u00e9e. Le voil\u00e0 d\u00e9sormais \u00e0 la t\u00eate d\u2019un nouveau restaurant, <strong>l\u2019Octave<\/strong>, <a href=\"https:\/\/actu.fr\/toulouse\/loisirs-culture\" target=\"_blank\" rel=\"noopener\">rue Agathoise<\/a>, entre la Gare Matabiau et Jeanne d\u2019Arc.<\/p>\n<p>Viande mijot\u00e9e et gibier<\/p>\n<p class=\" wall-content\">C\u2019est forc\u00e9ment avec beaucoup d\u2019envie que la<strong> pause d\u00e9jeuner<\/strong> s\u2019est annonc\u00e9e dans cette grande salle fra\u00eechement retap\u00e9e, domin\u00e9e par un joli comptoir marbr\u00e9 ouvert sur la cuisine. Id\u00e9al point de vue pour suivre attentivement le chef jouer des fourneaux en soliste appliqu\u00e9. Avec l\u2019espoir d\u2019y retrouver son style si singulier, tr\u00e8s \u00e0 l\u2019aise avec le v\u00e9g\u00e9tal.<\/p>\n<p class=\" wall-content\">Pourtant, sur l\u2019ardoise, peu de l\u00e9gumes. C\u2019est m\u00eame tout l\u2019inverse, avec des <strong>viandes mijot\u00e9es<\/strong> et <strong>du gibier en majest\u00e9<\/strong> (pas d\u00e9plaisant pour autant). Quant aux accompagnements, invisibles (il me faudra demander des pr\u00e9cisions avant de passer commande).<\/p>\n<p>Une sauce follement nappante\u00a0<br \/>\n    <img   decoding=\"async\" loading=\"lazy\" src=\"https:\/\/www.europesays.com\/fr\/wp-content\/uploads\/2025\/11\/2c2cebcc91196203cebcc9119f33cev-960x640.jpg\" alt=\"L'Octave est ouvert en semaine, midi et soir (sauf le mercredi midi)\" width=\"960\" height=\"640\"\/><br \/>\n    L\u2019Octave est ouvert en semaine, midi et soir (sauf le mercredi midi) (\u00a9L.M.M.)<\/p>\n<p class=\" wall-content\">Partons malgr\u00e9 tout sur une note verdoyante en entr\u00e9e : salade verte, endives, haricots verts (les oignons rouges annonc\u00e9s s\u2019\u00e9tant finalement fait la male). Et surtout, une <strong>montagne de parmesan<\/strong> pour cette association tr\u00e8s surprenante, qui matche parfaitement. Un peu d\u2019attente avant de d\u00e9visager le plat : <strong>une estouffade de sanglier<\/strong>.<\/p>\n<p class=\" wall-content\">Comme une daube, avec une cuisson lente pour attendrir la viande, accueillante et vraie star de l\u2019assiette. Sans oublier la sauce, cors\u00e9e et follement nappante. Pas t\u00e9m\u00e9raire pour un sou, il m\u2019a fallu fouiller pour trouver, bien dissimul\u00e9s sous <strong>les feuilles de chou kale<\/strong>, quelques lentilles et du c\u00e9leri rave en brunoise.<\/p>\n<p>Votre r\u00e9gion, votre actu !<\/p>\n<p>Recevez chaque jour les infos qui comptent pour vous.<\/p>\n<p>\t<a href=\"https:\/\/actu.fr\/newsletter\" class=\"ac-btn ac-btn--corner ac-btn--medium ac-btn--blue800\" target=\"_blank\" rel=\"noopener\">S&rsquo;incrire<\/a><br \/>\nUn dessert coup de c\u0153ur !<br \/>\n    <img   decoding=\"async\" loading=\"lazy\" class=\"size-large\" src=\"https:\/\/www.europesays.com\/fr\/wp-content\/uploads\/2025\/11\/75121ccc9119669121ccc91192d121v-960x640.jpg\" alt=\"Texture magique sur ce dessert chocolat\u00e9 !\" width=\"960\" height=\"640\"\/><br \/>\n    Texture magique sur ce dessert chocolat\u00e9 ! \u00a9L.M.M.<\/p>\n<p class=\" wall-content\">En dessert, immense coup de c\u0153ur pour ce <strong>chocolat textur\u00e9<\/strong>, d\u2019une puissance assum\u00e9e.<\/p>\n<p class=\" wall-content\">\u00c0 l\u2019arriv\u00e9e, <strong>une note plut\u00f4t tr\u00e8s \u00e9lev\u00e9e<\/strong> pour un d\u00e9jeuner (38 euros pour entr\u00e9e\/plat\/dessert), faute de menu propos\u00e9 le midi (comme le soir d\u2019ailleurs). Esp\u00e9rons qu\u2019il arrivera rapidement, pour s\u2019accorder davantage avec cette partition pleine de promesses.<\/p>\n<p class=\" wall-content\"><a href=\"https:\/\/www.instagram.com\/le_mangeur_masque\/?hl=fr\" target=\"_blank\" rel=\"noopener\"><b>LE MANGEUR MASQU\u00c9<\/b><\/a><\/p>\n<p class=\" wall-content\">Personnalisez votre actualit\u00e9 en ajoutant vos villes et m\u00e9dias en favori avec <a href=\"https:\/\/moncompte.actu.fr\" title=\"D\u00e9couvez Mon Actu\" rel=\"nofollow noopener\" data-trk=\"{&quot;cta&quot;:{&quot;action&quot;:&quot;https:\\\/\\\/moncompte.actu.fr&quot;,&quot;category&quot;:&quot;mon compte&quot;,&quot;from&quot;:&quot;article footer&quot;,&quot;name&quot;:&quot;Mon actu&quot;,&quot;type&quot;:&quot;cta&quot;}}\" target=\"_blank\">Mon Actu<\/a>.<\/p>\n<p>                    <script async src=\"\/\/www.instagram.com\/embed.js\"><\/script><\/p>\n","protected":false},"excerpt":{"rendered":"Par R\u00e9daction de Toulouse Publi\u00e9 le 15 nov. 2025 \u00e0 11h00 C\u2019est un restaurant tr\u00e8s couru et pourtant,&hellip;\n","protected":false},"author":2,"featured_media":535781,"comment_status":"","ping_status":"","sticky":false,"template":"","format":"standard","meta":{"footnotes":""},"categories":[2816],"tags":[1111,11,1777,674,1011,27,1652,12,2849,2680,25,2850,1341,2312],"class_list":{"0":"post-535780","1":"post","2":"type-post","3":"status-publish","4":"format-standard","5":"has-post-thumbnail","7":"category-toulouse","8":"tag-actu","9":"tag-actualites","10":"tag-eu","11":"tag-europe","12":"tag-fr","13":"tag-france","14":"tag-loisirs-culture","15":"tag-news","16":"tag-nouveaux-commerces-a-toulouse","17":"tag-occitanie","18":"tag-republique-francaise","19":"tag-restaurants-de-toulouse","20":"tag-sortir-a-toulouse","21":"tag-toulouse"},"share_on_mastodon":{"url":"https:\/\/pubeurope.com\/@fr\/115553262788997542","error":""},"_links":{"self":[{"href":"https:\/\/www.europesays.com\/fr\/wp-json\/wp\/v2\/posts\/535780","targetHints":{"allow":["GET"]}}],"collection":[{"href":"https:\/\/www.europesays.com\/fr\/wp-json\/wp\/v2\/posts"}],"about":[{"href":"https:\/\/www.europesays.com\/fr\/wp-json\/wp\/v2\/types\/post"}],"author":[{"embeddable":true,"href":"https:\/\/www.europesays.com\/fr\/wp-json\/wp\/v2\/users\/2"}],"replies":[{"embeddable":true,"href":"https:\/\/www.europesays.com\/fr\/wp-json\/wp\/v2\/comments?post=535780"}],"version-history":[{"count":0,"href":"https:\/\/www.europesays.com\/fr\/wp-json\/wp\/v2\/posts\/535780\/revisions"}],"wp:featuredmedia":[{"embeddable":true,"href":"https:\/\/www.europesays.com\/fr\/wp-json\/wp\/v2\/media\/535781"}],"wp:attachment":[{"href":"https:\/\/www.europesays.com\/fr\/wp-json\/wp\/v2\/media?parent=535780"}],"wp:term":[{"taxonomy":"category","embeddable":true,"href":"https:\/\/www.europesays.com\/fr\/wp-json\/wp\/v2\/categories?post=535780"},{"taxonomy":"post_tag","embeddable":true,"href":"https:\/\/www.europesays.com\/fr\/wp-json\/wp\/v2\/tags?post=535780"}],"curies":[{"name":"wp","href":"https:\/\/api.w.org\/{rel}","templated":true}]}}