{"id":535790,"date":"2025-11-15T10:41:11","date_gmt":"2025-11-15T10:41:11","guid":{"rendered":"https:\/\/www.europesays.com\/fr\/535790\/"},"modified":"2025-11-15T10:41:11","modified_gmt":"2025-11-15T10:41:11","slug":"une-manifestation-contre-les-violences-policieres-et-penitentiaires-ce-samedi","status":"publish","type":"post","link":"https:\/\/www.europesays.com\/fr\/535790\/","title":{"rendered":"une manifestation contre \u00ab\u00a0les violences polici\u00e8res et p\u00e9nitentiaires\u00a0\u00bb ce samedi"},"content":{"rendered":"<p itemprop=\"description\"><strong>L\u2019Association des victimes des crimes s\u00e9curitaires (AVCS) appelle \u00e0 manifester samedi 15 novembre \u00e0 Lyon contre \u00ab\u00a0les violences polici\u00e8res et p\u00e9nitentiaires\u00a0\u00bb.<\/strong><\/p>\n<p>Cet appel \u00e0 la mobilisation intervient quelques jours apr\u00e8s la diffusion par\u00a0Lib\u00e9ration\u00a0et\u00a0Mediapart\u00a0d\u2019images accablantes. Sur ces vid\u00e9os, capt\u00e9es par des cam\u00e9ras embarqu\u00e9es lors de la manifestation de Sainte-Soline en mars 2023, des gendarmes du Rh\u00f4ne ont \u00e9t\u00e9 enregistr\u00e9s prof\u00e9rant des insultes et menaces d\u2019une extr\u00eame violence : \u00ab\u00a0Eux faut leur tirer dans la gueule,\u00a0\u00bb \u00ab\u00a0Tiens ! dans ta gueule fils de p*,\u00a0\u00bb ou encore \u00ab\u00a0L\u00e0, \u00e7a serait bien de faire une nasse et de vraiment\u2026 les massacrer hein !.\u00a0\u00bb<\/p>\n<p>L\u2019AVCS appelle \u00e0 une journ\u00e9e de mobilisation \u00e0 Lyon dans le cadre du\u00a0\u00ab\u00a0Week-end contre le racisme, les violences polici\u00e8res et p\u00e9nitentiaires.\u00a0\u00bb Le rendez-vous est fix\u00e9 \u00ab\u00a0le 15 novembre 2025 \u00e0 15h place Bellecour,\u00a0\u00bb suivi \u00e0 18h d\u2019une \u00ab\u00a0projection-d\u00e9bat \u00e0 l\u2019Atelier des Canulars, dans le 7e arrondissement.\u00a0\u00bb<\/p>\n<p>L\u2019association d\u00e9nonce sans d\u00e9tours qu&rsquo;il y aurait selon eux une culture de la violence au sein des forces de l\u2019ordre : \u00ab\u00a0La police mutile, la police assassine. Qu&rsquo;elle nous traite de \u2018fonds de cuve\u2019, de \u2018pue-la-pisse\u2019 ou de \u2018suceurs de chameaux\u2019, nous devons tous aujourd&rsquo;hui faire face \u00e0 la m\u00eame police.\u00a0\u00bb<\/p>\n<p>L\u2019AVCS estime que\u00a0\u201cl\u2019Administration Polici\u00e8re demeure aux mains de ses \u00e9l\u00e9ments les plus racistes et les plus violents, prot\u00e9g\u00e9s par l\u2019omerta\u201d. Elle affirme que\u00a0\u00ab\u00a0les exceptions int\u00e8gres qui se font lanceurs d\u2019alerte se retrouvent m\u00eame vir\u00e9es\u201d, tout en accusant\u00a0\u201cla bourgeoisie r\u00e9actionnaire aux abois face aux multiples col\u00e8res\u00a0\u00bb\u00a0d\u2019alimenter ce syst\u00e8me.<\/p>\n<p>Alors que se profile le septi\u00e8me anniversaire du mouvement des Gilets jaunes, l\u2019association invite \u00e0\u00a0\u00ab\u00a0se rappeler les violences que nous avons subies dans toutes nos luttes, des rues de nos villes aux champs de Sainte-Soline\u00a0\u00bb\u00a0et \u00e0 se montrer\u00a0\u00ab\u00a0solidaires des familles des jeunes de quartier assassin\u00e9s, premi\u00e8res victimes du Pouvoir colonial.\u00a0\u00bb<\/p>\n<p>L\u2019appel, cosign\u00e9 par l\u2019association\u00a0Idir, Espoir et Solidarit\u00e9, entend \u00ab\u00a0rassembler toutes celles et ceux qui refusent le racisme d\u2019\u00c9tat et les violences institutionnelles\u00a0\u00bb dans les rues de Lyon.<\/p>\n","protected":false},"excerpt":{"rendered":"L\u2019Association des victimes des crimes s\u00e9curitaires (AVCS) appelle \u00e0 manifester samedi 15 novembre \u00e0 Lyon contre \u00ab\u00a0les violences&hellip;\n","protected":false},"author":2,"featured_media":535791,"comment_status":"","ping_status":"","sticky":false,"template":"","format":"standard","meta":{"footnotes":""},"categories":[1889],"tags":[1111,11,2813,2190,2430,1109,251,1112,2811,1777,674,118,1011,27,1922,1110,1114,2428,2810,12,241,316,25,2812,517,800],"class_list":{"0":"post-535790","1":"post","2":"type-post","3":"status-publish","4":"format-standard","5":"has-post-thumbnail","7":"category-lyon","8":"tag-actu","9":"tag-actualites","10":"tag-article","11":"tag-asvel","12":"tag-auvergne-rhone-alpes","13":"tag-breves","14":"tag-culture","15":"tag-depeches","16":"tag-economique","17":"tag-eu","18":"tag-europe","19":"tag-faits-divers","20":"tag-fr","21":"tag-france","22":"tag-info","23":"tag-informations","24":"tag-infos","25":"tag-lyon","26":"tag-lyonmag","27":"tag-news","28":"tag-ol","29":"tag-politique","30":"tag-republique-francaise","31":"tag-sociale","32":"tag-sport","33":"tag-transports"},"share_on_mastodon":{"url":"https:\/\/pubeurope.com\/@fr\/115553297090732049","error":""},"_links":{"self":[{"href":"https:\/\/www.europesays.com\/fr\/wp-json\/wp\/v2\/posts\/535790","targetHints":{"allow":["GET"]}}],"collection":[{"href":"https:\/\/www.europesays.com\/fr\/wp-json\/wp\/v2\/posts"}],"about":[{"href":"https:\/\/www.europesays.com\/fr\/wp-json\/wp\/v2\/types\/post"}],"author":[{"embeddable":true,"href":"https:\/\/www.europesays.com\/fr\/wp-json\/wp\/v2\/users\/2"}],"replies":[{"embeddable":true,"href":"https:\/\/www.europesays.com\/fr\/wp-json\/wp\/v2\/comments?post=535790"}],"version-history":[{"count":0,"href":"https:\/\/www.europesays.com\/fr\/wp-json\/wp\/v2\/posts\/535790\/revisions"}],"wp:featuredmedia":[{"embeddable":true,"href":"https:\/\/www.europesays.com\/fr\/wp-json\/wp\/v2\/media\/535791"}],"wp:attachment":[{"href":"https:\/\/www.europesays.com\/fr\/wp-json\/wp\/v2\/media?parent=535790"}],"wp:term":[{"taxonomy":"category","embeddable":true,"href":"https:\/\/www.europesays.com\/fr\/wp-json\/wp\/v2\/categories?post=535790"},{"taxonomy":"post_tag","embeddable":true,"href":"https:\/\/www.europesays.com\/fr\/wp-json\/wp\/v2\/tags?post=535790"}],"curies":[{"name":"wp","href":"https:\/\/api.w.org\/{rel}","templated":true}]}}