{"id":53580,"date":"2025-04-26T05:17:08","date_gmt":"2025-04-26T05:17:08","guid":{"rendered":"https:\/\/www.europesays.com\/fr\/53580\/"},"modified":"2025-04-26T05:17:08","modified_gmt":"2025-04-26T05:17:08","slug":"marseille-circulation-infernale-bus-devies-une-foule-immense-attendue","status":"publish","type":"post","link":"https:\/\/www.europesays.com\/fr\/53580\/","title":{"rendered":"Marseille. Circulation infernale, bus d\u00e9vi\u00e9s : une foule immense attendue"},"content":{"rendered":"<p>            Par<br \/>\n        <strong><br \/>\n            <a href=\"https:\/\/actu.fr\/auteur\/benjamin-cohenroyer\" title=\"Consulter tous les articles de Benjamin Cohen Royer\" rel=\"nofollow noopener\" target=\"_blank\">Benjamin Cohen Royer<\/a><br \/>\n        <\/strong><\/p>\n<p>        Publi\u00e9 le<\/p>\n<p>            26 avr. 2025 \u00e0 6h28        <\/p>\n<p>Ce dimanche 27\u00a0avril, l\u2019Olympique de Marseille re\u00e7oit au stade V\u00e9lodrome, <a href=\"https:\/\/actu.fr\/marseille\/\" rel=\"nofollow noopener\" target=\"_blank\">\u00e0 Marseille<\/a>, le Stade Brestois 29, \u00e0 l\u2019occasion de la <a href=\"https:\/\/ligue1.fr\/fr\" rel=\"nofollow noopener\" target=\"_blank\">31\u1d49 journ\u00e9e de Ligue\u00a01<\/a>.<\/p>\n<p class=\" wall-content\">En raison d\u2019une forte affluence, des bouchons devraient se former autour du stade et des lignes de bus sont d\u00e9vi\u00e9es.<\/p>\n<p>Un stade plein<\/p>\n<p class=\" wall-content\">Ce seront environ 65.000 supporters qui se rendront au stade V\u00e9lodrome pour soutenir les hommes de Roberto De Zerbi face au Stade Brestois 29. <strong>Le coup d\u2019envoi est pr\u00e9vu \u00e0 20h45<\/strong>, ce dimanche 27\u00a0avril 2025.<\/p>\n<p class=\" wall-content\">Ainsi, en raison d\u2019une forte affluence attendue autour du stade Orange V\u00e9lodrome, la RTM modifie le service de ces lignes, dimanche 27\u00a0avril de 17h30 \u00e0 23h30.<\/p>\n<p>Le r\u00e9seau de transport modifi\u00e9<\/p>\n<p class=\" wall-content\"><strong>M\u00e9tro M1, M2\u2009:<\/strong><\/p>\n<ul class=\" wall-content\">\n<li>Service renforc\u00e9 d\u00e8s 16h00.<\/li>\n<li>Fermeture station P\u00e9rier d\u00e8s 22h15, vers G\u00e8ze<\/li>\n<\/ul>\n<p>Vid\u00e9os : en ce moment sur Actu<\/p>\n<p class=\" wall-content\"><strong>Bus\u00a0B1<\/strong><br \/>9 arr\u00eats non desservis en direction de Campus de Luminy\u2009: Castellane, Prado Dupr\u00e9, Prado P\u00e9rier, Prado Borde, Prado Louvain, Prado Rodocanachi, Rond Point du Prado, M\u00e9tro Rond Point du Prado, Michelet Huveaune.<\/p>\n<p class=\" wall-content\">10 arr\u00eats non desservis en direction de Castellane\u2009: Michelet Ramon, Michelet Huveaune, M\u00e9tro Rond Point du Prado, Rond Point du Prado, Prado Rodocanachi, Prado Louvain, Prado Borde, Prado P\u00e9rier, Prado Dupr\u00e9, Castellane.<\/p>\n<p class=\" wall-content\">Terminus Castellane d\u00e9plac\u00e9 \u00e0 13 bd de la Pugette (\u00e0 proximit\u00e9 du PEM Ste Marguerite Dromel)<\/p>\n<p class=\" wall-content\"><strong>Bus\u00a022<\/strong><br \/>7 arr\u00eats\u00a0non desservis\u00a0en direction de Les Baumettes\u2009: M\u00e9tro Rond Point du Prado, Michelet Huveaune, Michelet Ramon, Michelet Bousquet, Le Corbusier, Luce Michelet, Luce Isaac<br \/>9 arr\u00eats\u00a0non desservis\u00a0en direction de M\u00e9tro Rond Point du Prado\u2009: Ste Anne, Isaac Luce, Luce Michelet, Michelet Luce, Le Corbusier, Michelet Bousquet, Michelet Ramon, Michelet Huveaune, M\u00e9tro Rond Point du Prado<\/p>\n<p class=\" wall-content\">Terminus M\u00e9tro Rond Point du Prado d\u00e9plac\u00e9 \u00e0 Mazargues Etienne Milan (arr\u00eat du Bus 23 situ\u00e9 sur l\u2019avenue de Mazargues, face au Supermarch\u00e9)<\/p>\n<p class=\" wall-content\"><strong>Bus\u00a023, 44, 45<\/strong><br \/>2 arr\u00eats non desservis en direction de Beauvallon, Coll\u00e8ge Roy d\u2019Espagne, Marseilleveyre\u2009: M\u00e9tro Rond Point du Prado, N\u00e9gresko.<br \/>3 arr\u00eats non desservis en direction de M\u00e9tro Rond Point du Prado\u2009: Mazargues N\u00e9gresko, N\u00e9gresko, M\u00e9tro Rond Point du Prado.<br \/>\u2013 Terminus M\u00e9tro Rond Point du Prado\u00a0d\u00e9plac\u00e9s \u00e0 Mazargues Etienne Milan (arr\u00eat du Bus 23 situ\u00e9 sur l\u2019avenue de Mazargues, face au Supermarch\u00e9)<\/p>\n<p class=\" wall-content\"><strong>Bus\u00a072<\/strong><br \/>2\u00a0arr\u00eats\u00a0non desservis\u2009: H\u00f4pital St Joseph, M\u00e9tro Rond Point du Prado<br \/>\u2013 Terminus M\u00e9tro Rond Point du Prado d\u00e9plac\u00e9 \u00e0 au 4 bd de l\u2019Huveaune (\u00e0 proximit\u00e9 du PEM Ste Marguerite).<\/p>\n<p class=\" wall-content\">\u00ab\u2009En fonction de l\u2019\u00e9volution de la situation d\u2019autres dispositions peuvent \u00eatre mises en place. Par cons\u00e9quent, nous vous conseillons de consulter r\u00e9guli\u00e8rement votre <a href=\"https:\/\/www.rtm.fr\/infos-trafic\/2635595918372898600\" rel=\"nofollow noopener\" target=\"_blank\">Info Trafic<\/a>\u2009\u00bb.<\/p>\n<p class=\" wall-content\">L\u2019\u00e9volution du trafic en temps r\u00e9el est disponible directement\u00a0sur\u00a0le\u00a0site de la<a href=\"https:\/\/www.rtm.fr\/actualites\/match-om-brest-1\" rel=\"nofollow noopener\" target=\"_blank\">\u00a0RTM.<\/a><\/p>\n<p class=\" wall-content\">Suivez toute l\u2019actualit\u00e9 de vos villes et m\u00e9dias favoris en vous inscrivant \u00e0 <a href=\"https:\/\/moncompte.actu.fr\" title=\"D\u00e9couvez Mon Actu\" rel=\"nofollow noopener\" data-trk=\"{&quot;cta&quot;:{&quot;action&quot;:&quot;https:\\\/\\\/moncompte.actu.fr&quot;,&quot;category&quot;:&quot;mon compte&quot;,&quot;from&quot;:&quot;article footer&quot;,&quot;name&quot;:&quot;Mon actu&quot;,&quot;type&quot;:&quot;cta&quot;}}\" target=\"_blank\">Mon Actu<\/a>.<\/p>\n<ul class=\"ac-article-tag wall-content\">\n<li><a href=\"https:\/\/actu.fr\/tag\/ligue-des-champions\" data-trk=\"{&quot;cta&quot;:{&quot;action&quot;:&quot;Ligue des Champions&quot;,&quot;category&quot;:&quot;tag&quot;,&quot;from&quot;:&quot;article footer&quot;,&quot;name&quot;:&quot;Ligue des Champions&quot;,&quot;type&quot;:&quot;cta&quot;}}\" rel=\"nofollow noopener\" target=\"_blank\">#Ligue des Champions<\/a><\/li>\n<li><a href=\"https:\/\/actu.fr\/tag\/olympique-de-marseille-om\" data-trk=\"{&quot;cta&quot;:{&quot;action&quot;:&quot;Olympique de Marseille (OM)&quot;,&quot;category&quot;:&quot;tag&quot;,&quot;from&quot;:&quot;article footer&quot;,&quot;name&quot;:&quot;Olympique de Marseille (OM)&quot;,&quot;type&quot;:&quot;cta&quot;}}\" rel=\"nofollow noopener\" target=\"_blank\">#Olympique de Marseille (OM)<\/a><\/li>\n<\/ul>\n","protected":false},"excerpt":{"rendered":"Par Benjamin Cohen Royer Publi\u00e9 le 26 avr. 2025 \u00e0 6h28 Ce dimanche 27\u00a0avril, l\u2019Olympique de Marseille re\u00e7oit&hellip;\n","protected":false},"author":2,"featured_media":53581,"comment_status":"","ping_status":"","sticky":false,"template":"","format":"standard","meta":{"footnotes":""},"categories":[2814],"tags":[1111,11,1777,674,1011,27,447,884,12,2333,882,25,60],"class_list":{"0":"post-53580","1":"post","2":"type-post","3":"status-publish","4":"format-standard","5":"has-post-thumbnail","7":"category-marseille","8":"tag-actu","9":"tag-actualites","10":"tag-eu","11":"tag-europe","12":"tag-fr","13":"tag-france","14":"tag-ligue-des-champions","15":"tag-marseille","16":"tag-news","17":"tag-olympique-de-marseille-om","18":"tag-provence-alpes-cote-dazur","19":"tag-republique-francaise","20":"tag-sports"},"share_on_mastodon":{"url":"https:\/\/pubeurope.com\/@fr\/114402573939968753","error":""},"_links":{"self":[{"href":"https:\/\/www.europesays.com\/fr\/wp-json\/wp\/v2\/posts\/53580","targetHints":{"allow":["GET"]}}],"collection":[{"href":"https:\/\/www.europesays.com\/fr\/wp-json\/wp\/v2\/posts"}],"about":[{"href":"https:\/\/www.europesays.com\/fr\/wp-json\/wp\/v2\/types\/post"}],"author":[{"embeddable":true,"href":"https:\/\/www.europesays.com\/fr\/wp-json\/wp\/v2\/users\/2"}],"replies":[{"embeddable":true,"href":"https:\/\/www.europesays.com\/fr\/wp-json\/wp\/v2\/comments?post=53580"}],"version-history":[{"count":0,"href":"https:\/\/www.europesays.com\/fr\/wp-json\/wp\/v2\/posts\/53580\/revisions"}],"wp:featuredmedia":[{"embeddable":true,"href":"https:\/\/www.europesays.com\/fr\/wp-json\/wp\/v2\/media\/53581"}],"wp:attachment":[{"href":"https:\/\/www.europesays.com\/fr\/wp-json\/wp\/v2\/media?parent=53580"}],"wp:term":[{"taxonomy":"category","embeddable":true,"href":"https:\/\/www.europesays.com\/fr\/wp-json\/wp\/v2\/categories?post=53580"},{"taxonomy":"post_tag","embeddable":true,"href":"https:\/\/www.europesays.com\/fr\/wp-json\/wp\/v2\/tags?post=53580"}],"curies":[{"name":"wp","href":"https:\/\/api.w.org\/{rel}","templated":true}]}}