{"id":535808,"date":"2025-11-15T10:52:16","date_gmt":"2025-11-15T10:52:16","guid":{"rendered":"https:\/\/www.europesays.com\/fr\/535808\/"},"modified":"2025-11-15T10:52:16","modified_gmt":"2025-11-15T10:52:16","slug":"les-generiques-exclus-des-droits-de-douane-de-trump","status":"publish","type":"post","link":"https:\/\/www.europesays.com\/fr\/535808\/","title":{"rendered":"les g\u00e9n\u00e9riques exclus des droits de douane de Trump"},"content":{"rendered":"<p>Apr\u00e8s plusieurs mois d\u2019incertitude, <a href=\"https:\/\/www.lemoniteurdespharmacies.fr\/business\/international\/pharmacie-americaine-trump-relance-la-guerre-des-prix\" target=\"_blank\" rel=\"noopener\">l\u2019administration Trump<\/a> a finalement \u00e9cart\u00e9 les m\u00e9dicaments g\u00e9n\u00e9riques de son projet de droits de douane sur les produits pharmaceutiques \u00e9trangers, selon le Wall Street Journal. L\u2019enqu\u00eate men\u00e9e au titre de la section 232 de la loi sur l\u2019expansion du commerce de 1962 visait \u00e0 d\u00e9terminer si la d\u00e9pendance am\u00e9ricaine aux importations constituait une menace pour la s\u00e9curit\u00e9 nationale.<\/p>\n<p>Les conclusions ont mis en \u00e9vidence les effets contre-productifs d\u2019une telle mesure\u00a0: risque de hausse des prix, de <a href=\"https:\/\/www.lemoniteurdespharmacies.fr\/profession\/socio-professionnel\/penuries-pourquoi-la-situation-risque-de-saggraver\" target=\"_blank\" rel=\"noopener\">p\u00e9nuries<\/a> et faible impact \u00e9conomique, la majorit\u00e9 des g\u00e9n\u00e9riques \u00e9tant import\u00e9e \u00e0 bas co\u00fbt d\u2019Inde et de Chine. Plusieurs responsables du d\u00e9partement du Commerce d\u00e9fendaient pourtant l\u2019id\u00e9e de tarifs cibl\u00e9s pour r\u00e9duire la d\u00e9pendance aux cha\u00eenes d\u2019approvisionnement \u00e9trang\u00e8res, \u00e0 l\u2019image des ruptures observ\u00e9es pendant la pand\u00e9mie.<\/p>\n<p>Plut\u00f4t qu\u2019une taxe, la Maison Blanche privil\u00e9gie <a href=\"https:\/\/www.lemoniteurdespharmacies.fr\/business\/international\/trump-dicte-la-loi-astrazeneca-relocalise-50-milliards-en-amerique\" target=\"_blank\" rel=\"noopener\">des incitations financi\u00e8res<\/a>. Un projet de d\u00e9cret pr\u00e9sidentiel pr\u00e9voit des subventions et des pr\u00eats f\u00e9d\u00e9raux pour soutenir la production nationale d\u2019antibiotiques et d\u2019autres traitements jug\u00e9s critiques.<\/p>\n<p>\u00ab\u00a0L\u2019administration met en \u0153uvre une approche nuanc\u00e9e et multifacette pour relocaliser la fabrication de m\u00e9dicaments essentiels et garantir que les Am\u00e9ricains ne soient plus jamais d\u00e9pendants de l\u2019\u00e9tranger comme pendant la crise du Covid-19\u00a0\u00bb, a d\u00e9clar\u00e9 le porte-parole de la Maison Blanche, Kush\u2004Desai.<\/p>\n","protected":false},"excerpt":{"rendered":"Apr\u00e8s plusieurs mois d\u2019incertitude, l\u2019administration Trump a finalement \u00e9cart\u00e9 les m\u00e9dicaments g\u00e9n\u00e9riques de son projet de droits de&hellip;\n","protected":false},"author":2,"featured_media":535809,"comment_status":"","ping_status":"","sticky":false,"template":"","format":"standard","meta":{"footnotes":""},"categories":[1589],"tags":[11,56327,73,1866,41343,351,12,65513,1864,1865,1863,308],"class_list":{"0":"post-535808","1":"post","2":"type-post","3":"status-publish","4":"format-standard","5":"has-post-thumbnail","7":"category-etats-unis","8":"tag-actualites","9":"tag-approvisionnement","10":"tag-etats-unis","11":"tag-etats-unis-damerique","12":"tag-medicaments-generiques","13":"tag-monopole","14":"tag-news","15":"tag-penuries","16":"tag-united-states","17":"tag-united-states-of-america","18":"tag-us","19":"tag-usa"},"share_on_mastodon":{"url":"https:\/\/pubeurope.com\/@fr\/115553340409618579","error":""},"_links":{"self":[{"href":"https:\/\/www.europesays.com\/fr\/wp-json\/wp\/v2\/posts\/535808","targetHints":{"allow":["GET"]}}],"collection":[{"href":"https:\/\/www.europesays.com\/fr\/wp-json\/wp\/v2\/posts"}],"about":[{"href":"https:\/\/www.europesays.com\/fr\/wp-json\/wp\/v2\/types\/post"}],"author":[{"embeddable":true,"href":"https:\/\/www.europesays.com\/fr\/wp-json\/wp\/v2\/users\/2"}],"replies":[{"embeddable":true,"href":"https:\/\/www.europesays.com\/fr\/wp-json\/wp\/v2\/comments?post=535808"}],"version-history":[{"count":0,"href":"https:\/\/www.europesays.com\/fr\/wp-json\/wp\/v2\/posts\/535808\/revisions"}],"wp:featuredmedia":[{"embeddable":true,"href":"https:\/\/www.europesays.com\/fr\/wp-json\/wp\/v2\/media\/535809"}],"wp:attachment":[{"href":"https:\/\/www.europesays.com\/fr\/wp-json\/wp\/v2\/media?parent=535808"}],"wp:term":[{"taxonomy":"category","embeddable":true,"href":"https:\/\/www.europesays.com\/fr\/wp-json\/wp\/v2\/categories?post=535808"},{"taxonomy":"post_tag","embeddable":true,"href":"https:\/\/www.europesays.com\/fr\/wp-json\/wp\/v2\/tags?post=535808"}],"curies":[{"name":"wp","href":"https:\/\/api.w.org\/{rel}","templated":true}]}}