{"id":535810,"date":"2025-11-15T10:53:28","date_gmt":"2025-11-15T10:53:28","guid":{"rendered":"https:\/\/www.europesays.com\/fr\/535810\/"},"modified":"2025-11-15T10:53:28","modified_gmt":"2025-11-15T10:53:28","slug":"le-roi-charles-iii-fete-ses-77-ans-et-bat-des-records-dengagements-malgre-son-cancer","status":"publish","type":"post","link":"https:\/\/www.europesays.com\/fr\/535810\/","title":{"rendered":"le roi Charles III f\u00eate ses 77\u00a0ans et bat des records d\u2019engagements, malgr\u00e9 son cancer"},"content":{"rendered":"<p>        <img decoding=\"async\" id=\"26723795\" src=\"https:\/\/www.europesays.com\/fr\/wp-content\/uploads\/2025\/11\/20251114154523-9269312.jpg\" alt=\"Un roi dans le tram ou le m\u00e9tro\u00a0? Il faut une inauguration pour que cela arrive.\" itemprop=\"contentURL\"\/><\/p>\n<p>    Un roi dans le tram ou le m\u00e9tro\u00a0? Il faut une inauguration pour que cela arrive.<\/p>\n<p>ADRIAN DENNIS\u00a0\/\u00a0AFP<\/p>\n<p>Alors qu\u2019\u00e0 Londres son anniversaire \u00e9tait salu\u00e9 sous la pluie par le canon, le roi \u00e9tait au pays de Galles pour assister avec la reine Camilla \u00e0 une r\u00e9ception pour le 200e anniversaire du ch\u00e2teau de Cyfarthfa, joyau de l\u2019histoire galloise, puis inaugurer un d\u00e9p\u00f4t de train. Une journ\u00e9e charg\u00e9e, \u00e0 l\u2019image de son calendrier ces derniers mois.<\/p>\n<p>        <img decoding=\"async\" id=\"26723713\" src=\"https:\/\/www.europesays.com\/fr\/wp-content\/uploads\/2025\/11\/20251114143905-9239212.jpg\" alt=\"\u00c0 Londres, on a tir\u00e9 au canon pour l\u2019anniversaire du monarque.\" itemprop=\"contentURL\"\/><\/p>\n<p>    \u00c0 Londres, on a tir\u00e9 au canon pour l\u2019anniversaire du monarque.<\/p>\n<p>CARLOS JASSO\u00a0\/\u00a0AFP<\/p>\n<p>Le monarque, qui a annonc\u00e9 \u00eatre atteint d\u2019un cancer en f\u00e9vrier 2024, a cette ann\u00e9e honor\u00e9 un nombre record d\u2019engagements depuis son arriv\u00e9e sur le tr\u00f4ne en septembre 2022, selon le \u00ab\u00a0Daily Express\u00a0\u00bb.<\/p>\n<p>Il a re\u00e7u en septembre en grande pompe le pr\u00e9sident am\u00e9ricain Donald Trump au ch\u00e2teau de Windsor, un exercice de haute diplomatie sugg\u00e9r\u00e9 par le Premier ministre Keir Starmer, soucieux de<a href=\"https:\/\/www.sudouest.fr\/international\/europe\/royaume-uni\/charles-iii\/donald-trump-au-royaume-uni-charles-iii-souligne-son-engagement-personnel-pour-la-paix-25972970.php\" target=\"_blank\" rel=\"follow nofollow noopener\"> maintenir la relation privil\u00e9gi\u00e9e<\/a> entre Londres et Washington.<\/p>\n<blockquote><p>S\u2019il a \u00ab\u00a0chang\u00e9\u00a0\u00bb certaines choses, notamment en faisant d\u00e9sormais \u00ab\u00a0la sieste l\u2019apr\u00e8s-midi\u00a0\u00bb, \u00ab\u00a0il respecte ses engagements, et continue \u00e0 faire tout ce que l\u2019on attend d\u2019un roi\u00a0\u00bb<\/p><\/blockquote>\n<p>Si la plupart de ses d\u00e9placements se limitent au Royaume-Uni, Charles a aussi fait quelques sorties \u00e0 l\u2019\u00e9tranger\u00a0: le couple royal \u00e9tait au Canada en mai, et au Vatican en avril puis en octobre, pour <a href=\"https:\/\/www.sudouest.fr\/societe\/religion\/le-roi-charles-iii-a-prie-avec-le-pape-leon-xiv-un-rapprochement-historique-entre-anglicans-et-catholiques-26441207.php\" target=\"_blank\" rel=\"follow nofollow noopener\">un voyage marqu\u00e9 par une pri\u00e8re commune in\u00e9dite avec le pape<\/a> L\u00e9on XIV. Le tout sans montrer de signe de faiblesse, semblant d\u00e9mentir des rumeurs r\u00e9currentes sur un \u00e9tat de sant\u00e9 qui se d\u00e9t\u00e9riorerait.<\/p>\n<p>Sp\u00e9culations sur le type de cancer dont il souffre<\/p>\n<p>Le Palais de Buckingham n\u2019a jamais pr\u00e9cis\u00e9 le type de cancer dont souffre le monarque, alimentant les sp\u00e9culations, a soulign\u00e9 jeudi Robert Jobson, sp\u00e9cialiste de la monarchie et auteur d\u2019un nouveau livre intitul\u00e9 \u00ab\u00a0The Windsor legacy\u00a0: A Royal Dynasty of Secrets, Scandal and Survival\u00a0\u00bb.<\/p>\n<p>M\u00eame si \u00ab\u00a0on ne peut pas attendre de lui qu\u2019il soit \u00e0 100\u00a0%\u00a0\u00bb et s\u2019il a \u00ab\u00a0chang\u00e9\u00a0\u00bb certaines choses, notamment en faisant d\u00e9sormais \u00ab\u00a0la sieste l\u2019apr\u00e8s-midi\u00a0\u00bb, a ajout\u00e9 Robert Jobson devant quelques journalistes, \u00ab\u00a0il respecte ses engagements, et continue \u00e0 faire tout ce que l\u2019on attend d\u2019un roi\u00a0\u00bb.<\/p>\n<p>De fait, Charles \u00ab\u00a0aime son travail et c\u2019est ce qui le fait tenir\u00a0\u00bb, confiait la reine Camilla lors de leur visite \u00e0 Rome en avril.<\/p>\n<p>Un fr\u00e8re encombrant, un h\u00e9ritier plus visible<\/p>\n<p>D\u00e9j\u00e0 secou\u00e9 par la brouille <a href=\"https:\/\/www.sudouest.fr\/international\/europe\/royaume-uni\/charles-iii\/royaume-uni-le-prince-harry-rencontre-le-roi-charles-iii-a-londres-une-reconciliation-en-vue-25879186.php\" target=\"_blank\" rel=\"follow nofollow noopener\">avec son fils Harry<\/a>, le roi a aussi eu fort \u00e0 faire r\u00e9cemment pour tenter d\u2019att\u00e9nuer les critiques de la monarchie relanc\u00e9es par les derniers rebondissements du <a href=\"https:\/\/www.sudouest.fr\/international\/europe\/royaume-uni\/besoin-que-la-monarchie-rende-des-comptes-la-decheance-d-andrew-frere-de-charles-iii-applaudie-mais-la-pression-demeure-sur-la-famille-royale-26545982.php\" target=\"_blank\" rel=\"follow nofollow noopener\">scandale entourant son fr\u00e8re cadet Andrew<\/a>, en raison de ses liens avec le p\u00e9docriminel am\u00e9ricain Jeffrey Epstein.<\/p>\n<p>Charles a ainsi pris fin octobre la d\u00e9cision historique de lui retirer son titre de prince et de l\u2019obliger \u00e0 abandonner sa luxueuse r\u00e9sidence dans le domaine de Windsor. Sans aucune garantie que cela mettra un terme \u00e0 cette affaire, qui empoisonne depuis 2011 la plus c\u00e9l\u00e8bre des monarchies de la plan\u00e8te.<\/p>\n<p>Reste que, malgr\u00e9 le regain d\u2019activit\u00e9s de Charles ces derniers mois, le palais pr\u00e9pare la suite.<\/p>\n<p>        <img decoding=\"async\" id=\"26723236\" src=\"https:\/\/www.europesays.com\/fr\/wp-content\/uploads\/2025\/11\/20251109121107-8895512.jpg\" alt=\"William, son h\u00e9ritier, se fait plus pr\u00e9sent aux c\u00f4t\u00e9s ou \u00e0 la place de son p\u00e8re. Ici, derri\u00e8re Charles pour l\u2019anniversaire de l\u2019armistice de 1918.\" itemprop=\"contentURL\"\/><\/p>\n<p>    William, son h\u00e9ritier, se fait plus pr\u00e9sent aux c\u00f4t\u00e9s ou \u00e0 la place de son p\u00e8re. Ici, derri\u00e8re Charles pour l\u2019anniversaire de l\u2019armistice de 1918.<\/p>\n<p>TOBY MELVILLE\u00a0\/\u00a0AFP<\/p>\n<p>Le prince h\u00e9ritier William est de plus en plus visible. Il a confi\u00e9 <a href=\"https:\/\/www.sudouest.fr\/international\/europe\/royaume-uni\/prince-william\/si-vous-etes-trop-attache-au-passe-vous-ne-pouvez-pas-etre-flexible-le-prince-william-confie-sa-volonte-de-faire-evoluer-la-monarchie-britannique-26189389.php\" target=\"_blank\" rel=\"follow nofollow noopener\">vouloir \u00ab\u00a0apporter un peu de changement\u00a0\u00bb<\/a> dans le fonctionnement de la monarchie dans une r\u00e9cente interview. Le fils a\u00een\u00e9 de Charles III a aussi fait une visite remarqu\u00e9e au Br\u00e9sil \u00e0 l\u2019occasion de la COP30 la semaine derni\u00e8re, reprenant le r\u00f4le de d\u00e9fenseur de l\u2019environnement embl\u00e9matique de son p\u00e8re.<\/p>\n<p>        <img decoding=\"async\" id=\"26723646\" src=\"https:\/\/www.europesays.com\/fr\/wp-content\/uploads\/2025\/11\/20251108204707-88521112.jpg\" alt=\"Kate, la princesse de Galles, ici avec son fils a\u00een\u00e9 George et le couple royal.\" itemprop=\"contentURL\"\/><\/p>\n<p>    Kate, la princesse de Galles, ici avec son fils a\u00een\u00e9 George et le couple royal.<\/p>\n<p>JACK TAYLOR\u00a0\/\u00a0AFP<\/p>\n","protected":false},"excerpt":{"rendered":"Un roi dans le tram ou le m\u00e9tro\u00a0? Il faut une inauguration pour que cela arrive. ADRIAN DENNIS\u00a0\/\u00a0AFP&hellip;\n","protected":false},"author":2,"featured_media":535811,"comment_status":"","ping_status":"","sticky":false,"template":"","format":"standard","meta":{"footnotes":""},"categories":[1588],"tags":[11,1777,674,12,473,1853,1851,1850,1852],"class_list":{"0":"post-535810","1":"post","2":"type-post","3":"status-publish","4":"format-standard","5":"has-post-thumbnail","7":"category-royaume-uni","8":"tag-actualites","9":"tag-eu","10":"tag-europe","11":"tag-news","12":"tag-royaume-uni","13":"tag-royaume-uni-de-grande-bretagne-et-dirlande-du-nord","14":"tag-uk","15":"tag-united-kingdom","16":"tag-united-kingdom-of-great-britain-and-northern-ireland"},"share_on_mastodon":{"url":"https:\/\/pubeurope.com\/@fr\/115553345239005757","error":""},"_links":{"self":[{"href":"https:\/\/www.europesays.com\/fr\/wp-json\/wp\/v2\/posts\/535810","targetHints":{"allow":["GET"]}}],"collection":[{"href":"https:\/\/www.europesays.com\/fr\/wp-json\/wp\/v2\/posts"}],"about":[{"href":"https:\/\/www.europesays.com\/fr\/wp-json\/wp\/v2\/types\/post"}],"author":[{"embeddable":true,"href":"https:\/\/www.europesays.com\/fr\/wp-json\/wp\/v2\/users\/2"}],"replies":[{"embeddable":true,"href":"https:\/\/www.europesays.com\/fr\/wp-json\/wp\/v2\/comments?post=535810"}],"version-history":[{"count":0,"href":"https:\/\/www.europesays.com\/fr\/wp-json\/wp\/v2\/posts\/535810\/revisions"}],"wp:featuredmedia":[{"embeddable":true,"href":"https:\/\/www.europesays.com\/fr\/wp-json\/wp\/v2\/media\/535811"}],"wp:attachment":[{"href":"https:\/\/www.europesays.com\/fr\/wp-json\/wp\/v2\/media?parent=535810"}],"wp:term":[{"taxonomy":"category","embeddable":true,"href":"https:\/\/www.europesays.com\/fr\/wp-json\/wp\/v2\/categories?post=535810"},{"taxonomy":"post_tag","embeddable":true,"href":"https:\/\/www.europesays.com\/fr\/wp-json\/wp\/v2\/tags?post=535810"}],"curies":[{"name":"wp","href":"https:\/\/api.w.org\/{rel}","templated":true}]}}