{"id":535812,"date":"2025-11-15T10:54:12","date_gmt":"2025-11-15T10:54:12","guid":{"rendered":"https:\/\/www.europesays.com\/fr\/535812\/"},"modified":"2025-11-15T10:54:12","modified_gmt":"2025-11-15T10:54:12","slug":"en-allemagne-bosch-met-en-service-un-electrolyseur-maison","status":"publish","type":"post","link":"https:\/\/www.europesays.com\/fr\/535812\/","title":{"rendered":"En Allemagne, Bosch met en service un \u00e9lectrolyseur maison"},"content":{"rendered":"<p>       <strong>Le groupe Bosch vient d\u2019inaugurer un \u00e9lectrolyseur de 2,5 MW \u00e0 Bamberg, amor\u00e7ant le d\u00e9ploiement d\u2019un \u00e9cosyst\u00e8me hydrog\u00e8ne complet sur son site allemand.<\/strong><\/p>\n<p>Bosch a officiellement mis en service son tout premier \u00e9lectrolyseur \u00e9quip\u00e9 de ses stacks PEM Hybrion sur le site de Bamberg, en Allemagne.<\/p>\n<p>Fabriqu\u00e9s sur place, les stacks d\u00e9veloppent 2,5 MW et permettent de produire jusqu\u2019\u00e0 une tonne d\u2019hydrog\u00e8ne par jour \u00e0 partir d\u2019\u00e9lectricit\u00e9 renouvelable. Deux unit\u00e9s de 1,25 MW chacune sont int\u00e9gr\u00e9es dans l\u2019\u00e9lectrolyseur, fournissant environ 23 kg d\u2019hydrog\u00e8ne par heure.&#13;<br \/>\n<\/p>\n<p> Un \u00e9cosyst\u00e8me complet pour tester les technologies<br \/>\nL\u2019\u00e9lectrolyseur fait d\u00e9sormais partie int\u00e9grante d\u2019un \u00e9cosyst\u00e8me hydrog\u00e8ne complet. Pr\u00e9sent\u00e9 comme une vitrine technologique par Bosch, celui-ci inclut des syst\u00e8mes de stockage, des infrastructures de distribution, ainsi que des modules de piles \u00e0 combustible.<\/p>\n<p>Un conteneur \u00e9quip\u00e9 du module \u00ab Fuel Cell Power Module \u00bb (FCPM) de Bosch permet de tester en continu le bon fonctionnement du syst\u00e8me. L\u2019hydrog\u00e8ne produit alimente ce module, simulant diverses situations d\u2019usage.&#13;<br \/>\n&#13;<br \/>\n<\/p>\n<p> Une production d\u00e9j\u00e0 en cours<br \/>\nLa production \u00e0 grande \u00e9chelle des modules FCPM de Bosch a d\u00e9marr\u00e9 mi-2023 sur le site de Stuttgart-Feuerbach. Bosch souligne que sa technologie est pr\u00eate pour le march\u00e9. \u00ab Nous sommes capables de produire de l\u2019hydrog\u00e8ne \u00e0 grande \u00e9chelle \u00bb, a d\u00e9clar\u00e9 Thomas Pauer, pr\u00e9sident de la division Power Solutions.<\/p>\n<p>Le site de Bamberg dispose \u00e9galement d\u2019une seconde station de test pour les stacks Hybrion. Chaque unit\u00e9 est test\u00e9e en conditions r\u00e9elles avant d\u2019\u00eatre livr\u00e9e aux clients. Un r\u00e9servoir de 21 m\u00e8tres de haut compl\u00e8te l\u2019installation, capable de stocker l\u2019hydrog\u00e8ne jusqu\u2019\u00e0 50 bars.\t  <\/p>\n","protected":false},"excerpt":{"rendered":"Le groupe Bosch vient d\u2019inaugurer un \u00e9lectrolyseur de 2,5 MW \u00e0 Bamberg, amor\u00e7ant le d\u00e9ploiement d\u2019un \u00e9cosyst\u00e8me hydrog\u00e8ne&hellip;\n","protected":false},"author":2,"featured_media":535813,"comment_status":"","ping_status":"","sticky":false,"template":"","format":"standard","meta":{"footnotes":""},"categories":[1587],"tags":[11,672,1804,1805,1803,1777,674,1801,12,1802],"class_list":{"0":"post-535812","1":"post","2":"type-post","3":"status-publish","4":"format-standard","5":"has-post-thumbnail","7":"category-allemagne","8":"tag-actualites","9":"tag-allemagne","10":"tag-bundesrepublik-deutschland","11":"tag-de","12":"tag-deutschland","13":"tag-eu","14":"tag-europe","15":"tag-germany","16":"tag-news","17":"tag-republique-federale-dallemagne"},"share_on_mastodon":{"url":"https:\/\/pubeurope.com\/@fr\/115553348333999457","error":""},"_links":{"self":[{"href":"https:\/\/www.europesays.com\/fr\/wp-json\/wp\/v2\/posts\/535812","targetHints":{"allow":["GET"]}}],"collection":[{"href":"https:\/\/www.europesays.com\/fr\/wp-json\/wp\/v2\/posts"}],"about":[{"href":"https:\/\/www.europesays.com\/fr\/wp-json\/wp\/v2\/types\/post"}],"author":[{"embeddable":true,"href":"https:\/\/www.europesays.com\/fr\/wp-json\/wp\/v2\/users\/2"}],"replies":[{"embeddable":true,"href":"https:\/\/www.europesays.com\/fr\/wp-json\/wp\/v2\/comments?post=535812"}],"version-history":[{"count":0,"href":"https:\/\/www.europesays.com\/fr\/wp-json\/wp\/v2\/posts\/535812\/revisions"}],"wp:featuredmedia":[{"embeddable":true,"href":"https:\/\/www.europesays.com\/fr\/wp-json\/wp\/v2\/media\/535813"}],"wp:attachment":[{"href":"https:\/\/www.europesays.com\/fr\/wp-json\/wp\/v2\/media?parent=535812"}],"wp:term":[{"taxonomy":"category","embeddable":true,"href":"https:\/\/www.europesays.com\/fr\/wp-json\/wp\/v2\/categories?post=535812"},{"taxonomy":"post_tag","embeddable":true,"href":"https:\/\/www.europesays.com\/fr\/wp-json\/wp\/v2\/tags?post=535812"}],"curies":[{"name":"wp","href":"https:\/\/api.w.org\/{rel}","templated":true}]}}