{"id":535818,"date":"2025-11-15T10:57:13","date_gmt":"2025-11-15T10:57:13","guid":{"rendered":"https:\/\/www.europesays.com\/fr\/535818\/"},"modified":"2025-11-15T10:57:13","modified_gmt":"2025-11-15T10:57:13","slug":"atp-finals-prive-de-demi-finales-zverev-est-enfin-realiste-je-dois-etre-honnete-avec-moi-meme-a-lexception-du-match-contre-sinner-a-paris-ou-je-netais-pas-en-forme-ce-fut-le-pire-match-q","status":"publish","type":"post","link":"https:\/\/www.europesays.com\/fr\/535818\/","title":{"rendered":"ATP &#8211; Finals > Priv\u00e9 de demi-finales, Zverev est enfin r\u00e9aliste : \u00ab\u00a0Je dois \u00eatre honn\u00eate avec moi-m\u00eame : \u00e0 l&rsquo;exception du match contre Sinner \u00e0 Paris, o\u00f9 je n&rsquo;\u00e9tais pas en forme, ce fut le pire match que j&rsquo;aie jou\u00e9 au cours du dernier mois\u00a0\u00bb"},"content":{"rendered":"<p>En conf\u00e9\u00adrence de presse, Sascha \u00e9tait forc\u00e9\u00adment d\u00e9pit\u00e9. Il faut dire que sa pres\u00adta\u00adtion \u00e9tait vrai\u00adment indigne d\u2019un 3\u00e8me joueur mondial. Tout au long des deux manches face \u00e0 F\u00e9lix il a \u00e9t\u00e9 inca\u00adpable de d\u00e9border son adver\u00adsaire ou de lui imposer son rythme. S\u2019il joue de la m\u00eame fa\u00e7on \u00e0 Bologne pour la phase finale de la Coupe Davis, cela risque de ne pas redorer son blason vis \u00e0 vis de ses compatriotes.<\/p>\n<p>\u00ab\u202f<strong>Je dois \u00eatre honn\u00eate avec moi\u2010m\u00eame\u00a0: \u00e0 l\u2019ex\u00adclu\u00adsion du match contre Sinner \u00e0 Paris, o\u00f9 je n\u2019\u00e9tais pas en forme, ce fut le pire match que j\u2019aie jou\u00e9 au cours du dernier mois.Pour l\u2019ins\u00adtant, je suis d\u00e9\u00e7u par la d\u00e9faite. Mais pas seule\u00adment par la d\u00e9faite, je suis d\u00e9\u00e7u de ma perfor\u00admance, de mon niveau de\u00a0jeu\u202f\u00bb<\/strong><\/p>\n<p class=\"post-published-date\" style=\"color: silver; font-size: 75%; text-align: left;\">Publi\u00e9 le samedi 15 novembre 2025 \u00e0 08:49<\/p>\n","protected":false},"excerpt":{"rendered":"En conf\u00e9\u00adrence de presse, Sascha \u00e9tait forc\u00e9\u00adment d\u00e9pit\u00e9. Il faut dire que sa pres\u00adta\u00adtion \u00e9tait vrai\u00adment indigne d\u2019un&hellip;\n","protected":false},"author":2,"featured_media":535819,"comment_status":"","ping_status":"","sticky":false,"template":"","format":"standard","meta":{"footnotes":""},"categories":[2],"tags":[11,1011,27,12,25,2127,4542],"class_list":{"0":"post-535818","1":"post","2":"type-post","3":"status-publish","4":"format-standard","5":"has-post-thumbnail","7":"category-actualites","8":"tag-actualites","9":"tag-fr","10":"tag-france","11":"tag-news","12":"tag-republique-francaise","13":"tag-sinner","14":"tag-zverev"},"share_on_mastodon":{"url":"https:\/\/pubeurope.com\/@fr\/115553360119904387","error":""},"_links":{"self":[{"href":"https:\/\/www.europesays.com\/fr\/wp-json\/wp\/v2\/posts\/535818","targetHints":{"allow":["GET"]}}],"collection":[{"href":"https:\/\/www.europesays.com\/fr\/wp-json\/wp\/v2\/posts"}],"about":[{"href":"https:\/\/www.europesays.com\/fr\/wp-json\/wp\/v2\/types\/post"}],"author":[{"embeddable":true,"href":"https:\/\/www.europesays.com\/fr\/wp-json\/wp\/v2\/users\/2"}],"replies":[{"embeddable":true,"href":"https:\/\/www.europesays.com\/fr\/wp-json\/wp\/v2\/comments?post=535818"}],"version-history":[{"count":0,"href":"https:\/\/www.europesays.com\/fr\/wp-json\/wp\/v2\/posts\/535818\/revisions"}],"wp:featuredmedia":[{"embeddable":true,"href":"https:\/\/www.europesays.com\/fr\/wp-json\/wp\/v2\/media\/535819"}],"wp:attachment":[{"href":"https:\/\/www.europesays.com\/fr\/wp-json\/wp\/v2\/media?parent=535818"}],"wp:term":[{"taxonomy":"category","embeddable":true,"href":"https:\/\/www.europesays.com\/fr\/wp-json\/wp\/v2\/categories?post=535818"},{"taxonomy":"post_tag","embeddable":true,"href":"https:\/\/www.europesays.com\/fr\/wp-json\/wp\/v2\/tags?post=535818"}],"curies":[{"name":"wp","href":"https:\/\/api.w.org\/{rel}","templated":true}]}}