{"id":535826,"date":"2025-11-15T11:02:11","date_gmt":"2025-11-15T11:02:11","guid":{"rendered":"https:\/\/www.europesays.com\/fr\/535826\/"},"modified":"2025-11-15T11:02:11","modified_gmt":"2025-11-15T11:02:11","slug":"top-14-valentin-delpy-colomiers-rappele-par-toulouse-pour-la-periode-de-doublons","status":"publish","type":"post","link":"https:\/\/www.europesays.com\/fr\/535826\/","title":{"rendered":"Top 14 &#8211; Valentin Delpy (Colomiers) rappel\u00e9 par Toulouse pour la p\u00e9riode de doublons"},"content":{"rendered":"<p>\n                Le demi d\u2019ouverture Valentin Delpy, pr\u00eat\u00e9 \u00e0 Colomiers par le Stade toulousain, sera rappel\u00e9 dans le groupe rouge et noir pour faire face \u00e0 la p\u00e9riode de doublons.\n            <\/p>\n<p>\u00c0 peine <strong><a href=\"https:\/\/www.rugbyrama.fr\/2025\/11\/15\/video-pro-d2-revivez-la-fabuleuse-relance-de-colomiers-face-a-nevers-13053634.php\" target=\"_self\" rel=\"nofollow noopener\">la victoire face \u00e0 Nevers dig\u00e9r\u00e9e<\/a><\/strong>, le demi d\u2019ouverture de l\u2019US Colomiers Valentin Delpy (22 ans) sait qu\u2019il va devoir rejoindre Ernest-Wallon pour \u00eatre sur le pont la semaine prochaine. En effet, et selon les informations de Canal +, le jeune ouvreur, pr\u00eat\u00e9 par Toulouse \u00e0 Colomiers, devrait faire partie du groupe qui pr\u00e9parera le d\u00e9placement des champions de France sur la pelouse de Montauban, samedi 22\u00a0novembre \u00e0 16h35. Un retour oblig\u00e9 pour le Stade toulousain qui, en cette p\u00e9riode internationale, fait face \u00e0 une large p\u00e9nurie de demi d\u2019ouverture. Ce qui est assez dingue quand on liste le vivier.<\/p>\n<p>6 potentiels ouvreurs appel\u00e9s en s\u00e9lection<\/p>\n<p>Pour cause, les potentiels num\u00e9ros\u00a010 sont tous appel\u00e9s en s\u00e9lection. \u00c0 l\u2019image de Romain Ntamack ou Thomas Ramos qui seront titulaires avec les Bleus ce samedi face aux Fidji ou encore des \u00e9trangers Juan Cruz Mallia (Argentine) et Blair Kinghorn (\u00c9cosse). Parmi les jeunes toulousains, le deuxi\u00e8me ouvreur de m\u00e9tier toulousain\u00a0Lucien Richardis (20 ans) est convoqu\u00e9 avec l\u2019Espagne, quant \u00e0 l\u2019arri\u00e8re Mathias Remue (22 ans) est appel\u00e9 avec la Belgique, o\u00f9 il \u00e9volue en 10.<\/p>\n<p>Reste donc Delpy, qui pourrait vraisemblablement conduire le jeu toulousain sur la pelouse de Sapiac. En grande forme avec Colomiers dans ce d\u00e9but de saison, il a connu 8 titularisations en onze journ\u00e9es, pour un essai et d\u00e9j\u00e0 95 points marqu\u00e9s. Il a d\u00e9j\u00e0 connu le tr\u00e8s haut niveau puisqu\u2019il compte pour l\u2019heure quinze matchs de Top 14 \u00e0 son actif dont 4 avec Toulouse et le reste avec l\u2019Usap, avec qui il a aussi disput\u00e9 la Challenge Cup.<\/p>\n","protected":false},"excerpt":{"rendered":"Le demi d\u2019ouverture Valentin Delpy, pr\u00eat\u00e9 \u00e0 Colomiers par le Stade toulousain, sera rappel\u00e9 dans le groupe rouge&hellip;\n","protected":false},"author":2,"featured_media":535827,"comment_status":"","ping_status":"","sticky":false,"template":"","format":"standard","meta":{"footnotes":""},"categories":[1416],"tags":[1011,27,479,1468,60],"class_list":{"0":"post-535826","1":"post","2":"type-post","3":"status-publish","4":"format-standard","5":"has-post-thumbnail","7":"category-rugby","8":"tag-fr","9":"tag-france","10":"tag-rugby","11":"tag-rugby-football","12":"tag-sports"},"share_on_mastodon":{"url":"https:\/\/pubeurope.com\/@fr\/115553379658625382","error":""},"_links":{"self":[{"href":"https:\/\/www.europesays.com\/fr\/wp-json\/wp\/v2\/posts\/535826","targetHints":{"allow":["GET"]}}],"collection":[{"href":"https:\/\/www.europesays.com\/fr\/wp-json\/wp\/v2\/posts"}],"about":[{"href":"https:\/\/www.europesays.com\/fr\/wp-json\/wp\/v2\/types\/post"}],"author":[{"embeddable":true,"href":"https:\/\/www.europesays.com\/fr\/wp-json\/wp\/v2\/users\/2"}],"replies":[{"embeddable":true,"href":"https:\/\/www.europesays.com\/fr\/wp-json\/wp\/v2\/comments?post=535826"}],"version-history":[{"count":0,"href":"https:\/\/www.europesays.com\/fr\/wp-json\/wp\/v2\/posts\/535826\/revisions"}],"wp:featuredmedia":[{"embeddable":true,"href":"https:\/\/www.europesays.com\/fr\/wp-json\/wp\/v2\/media\/535827"}],"wp:attachment":[{"href":"https:\/\/www.europesays.com\/fr\/wp-json\/wp\/v2\/media?parent=535826"}],"wp:term":[{"taxonomy":"category","embeddable":true,"href":"https:\/\/www.europesays.com\/fr\/wp-json\/wp\/v2\/categories?post=535826"},{"taxonomy":"post_tag","embeddable":true,"href":"https:\/\/www.europesays.com\/fr\/wp-json\/wp\/v2\/tags?post=535826"}],"curies":[{"name":"wp","href":"https:\/\/api.w.org\/{rel}","templated":true}]}}