{"id":535828,"date":"2025-11-15T11:03:11","date_gmt":"2025-11-15T11:03:11","guid":{"rendered":"https:\/\/www.europesays.com\/fr\/535828\/"},"modified":"2025-11-15T11:03:11","modified_gmt":"2025-11-15T11:03:11","slug":"jannik-sinner-alex-de-minaur-atp-finals-masters-turin-demi-finales-samedi-15-novembre-2025-lequipe","status":"publish","type":"post","link":"https:\/\/www.europesays.com\/fr\/535828\/","title":{"rendered":"Jannik Sinner &#8211; Alex De Minaur, ATP Finals, Masters (Turin), Demi-finales, Samedi 15 novembre 2025 &#8211; L&#039;\u00c9quipe"},"content":{"rendered":"<ol>\n<li><a href=\"https:\/\/news.google.com\/rss\/articles\/CBMizgFBVV95cUxQVWE1V19KOWhOVmwtUk9BZzZULVVsSDhhSzlTZHg1ZWJiWEFTdV9DYUtabUZleENNRHdDTmF0MnJMZFNubVN6eE4yUzZ3bXlxRHRtaVA1dkdUUkk0UEwxSE8yakRiOHpUS08wQUl4S1NwSHpmbkN0ZnJPdFVzRGdBWDZBZ180VnhFUUJ4cG9BTERhLTU4S3hqWTFOdjhpd0F1bkM5ejBjWVNlUExRaTJqZmZtaGE3SFVaUWItczFsVmdsNTFNc0dRc3d4R2VvQQ?oc=5\" target=\"_blank\" rel=\"nofollow noopener\">Jannik Sinner &#8211; Alex De Minaur, ATP Finals, Masters (Turin), Demi-finales, Samedi 15 novembre 2025<\/a>&nbsp;&nbsp;L&rsquo;\u00c9quipe<\/li>\n<li><a href=\"https:\/\/news.google.com\/rss\/articles\/CBMixwFBVV95cUxQOHpFOWd4cTFZTEh2WjR4ajhGcTFrc2NiOFJKeERJOHBLS1NZRlhNRFZEck1xYmZaZ01namRpUlNXZFAtQ19teUNOLXR6bEVVbTk5aFE4bEQtZzAxM2t1MlVMdHJ5NGw0bjVzZXkydzJveDZXTlVzcTNKQ0UxUnlZTEpNQ2ZzNVdYalhjYWVvM2g1MnR2TUtpS1RKajNsM09RWFZHaS1KdmJTeEhfZVhfZ3lDTW96LTk2dW5XbnpwRXFra2oyYmVF?oc=5\" target=\"_blank\" rel=\"nofollow noopener\">Finales ATP : \u00e0 quelle heure et sur quelle cha\u00eene suivre les demi-finales \u00e0 Turin ?<\/a>&nbsp;&nbsp;L&rsquo;\u00c9quipe<\/li>\n<li><a href=\"https:\/\/news.google.com\/rss\/articles\/CBMisgFBVV95cUxPY1hDSGlsM2FyUmYtQURzVXdJUFJiUVdCSDI3VDE3UmhRWW5JcGRBOENGWkdFbHhnUm1VcmZoX2hDWEE3bFplTVA4SE9XN3hxRnoxdDJ6N0NCR1JOclJHazBHNGZ1eUw2NFN5SmRXTWE4OVVXdV9fZFY0WXQ3ZUdzZEc4SlBCUnZoRHdFdlZuR29ITlNfSndLbG1qZkFsZ19TenFQT0xKdG1PLUdOUHhlOER3?oc=5\" target=\"_blank\" rel=\"nofollow noopener\">Horaires et cha\u00eenes des demi-finales des ATP Finals du 15 novembre<\/a>&nbsp;&nbsp;20 Minutes<\/li>\n<li><a href=\"https:\/\/news.google.com\/rss\/articles\/CBMipgFBVV95cUxNS01sUHR3V3B0RV83anU5Q1RHSG5iOE4tRlJ6dXA0dUh1WHZrbFZLRHJDbkJEamMzVEktcEpabnBRTG5mdWt5cWZINkpOTXJlM2ltTDVQRnlDOHR6TDNiYW0tRjJxc2tfNThzb19wMFV6enc3RTY2dml2SGR6TVotQVF5eWE3Zm9tcXNvSFZLV0xqbE8wNEhqamotR0tXNlNodXlnRTNB?oc=5\" target=\"_blank\" rel=\"nofollow noopener\">Jannik Sinner &#8211; Alex de Minaur en direct &#8211; ATP Finals : Tennis Scores &amp; R\u00e9sultats &#8211; 15\/11\/2025<\/a>&nbsp;&nbsp;Eurosport<\/li>\n<li><a href=\"https:\/\/news.google.com\/rss\/articles\/CBMi8AFBVV95cUxNTmFjWnRGU0Y3dnRoRzFhQXhreTNrUzVZWF9UQWF4RFJvNUM4UDRnenl6QURzZ1NSQk5tLTA1Z1pGcnRiQjZZdXoxT253dEF1TXkycU45QUZfMUFQMGY0dWQwei03VXdObF96MVhESGNidHplOEpZWUtoTHFhV1htWk9fU0xiaWVicktiWVVPTXdsQmllSmU1dnJZWmE5c0h3cHVPUkhEWW1pYkZvSFBkU1QtaVZOam9VNzNEZnd0TUQ3WVlzQkwwOXI4YlNPVk9kV3MxYjluaTlZZ2xOUXFobDJjSURiaWdlanlnNXBDQk4?oc=5\" target=\"_blank\" rel=\"nofollow noopener\">Tennis : ATP Finals, \u00e0 la tv<\/a>&nbsp;&nbsp;Linternaute.com<\/li>\n<\/ol>\n","protected":false},"excerpt":{"rendered":"Jannik Sinner &#8211; Alex De Minaur, ATP Finals, Masters (Turin), Demi-finales, Samedi 15 novembre 2025&nbsp;&nbsp;L&rsquo;\u00c9quipe Finales ATP :&hellip;\n","protected":false},"author":2,"featured_media":505009,"comment_status":"","ping_status":"","sticky":false,"template":"","format":"standard","meta":{"footnotes":""},"categories":[1415],"tags":[1011,27,60,1467],"class_list":{"0":"post-535828","1":"post","2":"type-post","3":"status-publish","4":"format-standard","5":"has-post-thumbnail","7":"category-tennis","8":"tag-fr","9":"tag-france","10":"tag-sports","11":"tag-tennis"},"share_on_mastodon":{"url":"https:\/\/pubeurope.com\/@fr\/115553383423020420","error":""},"_links":{"self":[{"href":"https:\/\/www.europesays.com\/fr\/wp-json\/wp\/v2\/posts\/535828","targetHints":{"allow":["GET"]}}],"collection":[{"href":"https:\/\/www.europesays.com\/fr\/wp-json\/wp\/v2\/posts"}],"about":[{"href":"https:\/\/www.europesays.com\/fr\/wp-json\/wp\/v2\/types\/post"}],"author":[{"embeddable":true,"href":"https:\/\/www.europesays.com\/fr\/wp-json\/wp\/v2\/users\/2"}],"replies":[{"embeddable":true,"href":"https:\/\/www.europesays.com\/fr\/wp-json\/wp\/v2\/comments?post=535828"}],"version-history":[{"count":0,"href":"https:\/\/www.europesays.com\/fr\/wp-json\/wp\/v2\/posts\/535828\/revisions"}],"wp:featuredmedia":[{"embeddable":true,"href":"https:\/\/www.europesays.com\/fr\/wp-json\/wp\/v2\/media\/505009"}],"wp:attachment":[{"href":"https:\/\/www.europesays.com\/fr\/wp-json\/wp\/v2\/media?parent=535828"}],"wp:term":[{"taxonomy":"category","embeddable":true,"href":"https:\/\/www.europesays.com\/fr\/wp-json\/wp\/v2\/categories?post=535828"},{"taxonomy":"post_tag","embeddable":true,"href":"https:\/\/www.europesays.com\/fr\/wp-json\/wp\/v2\/tags?post=535828"}],"curies":[{"name":"wp","href":"https:\/\/api.w.org\/{rel}","templated":true}]}}