{"id":535835,"date":"2025-11-15T11:10:19","date_gmt":"2025-11-15T11:10:19","guid":{"rendered":"https:\/\/www.europesays.com\/fr\/535835\/"},"modified":"2025-11-15T11:10:19","modified_gmt":"2025-11-15T11:10:19","slug":"jaime-la-repetition-des-lignes-de-guidel-a-new-york-marion-lagarde-croque-les-villes","status":"publish","type":"post","link":"https:\/\/www.europesays.com\/fr\/535835\/","title":{"rendered":"\u00ab\u00a0J\u2019aime la r\u00e9p\u00e9tition des lignes\u00a0\u00bb\u00a0: de Guidel \u00e0 New York, Marion Lagarde croque les villes"},"content":{"rendered":"<p>\u00ab J\u2019ai toujours dessin\u00e9 mais sans jamais prendre de cours acad\u00e9mique \u00bb, sourit Marion Lagarde. Dans sa maison de Guidel, elle passe pourtant plusieurs heures par jour \u00e0 remplir des feuilles, \u00e9quip\u00e9e de son seul crayon noir. Elle croque des villes, des maisons, des paysages urbains. Elle vit aujourd\u2019hui de son art, apr\u00e8s avoir travaill\u00e9 pendant une quinzaine d\u2019ann\u00e9es dans la communication. \u00ab Plus jeune, je voulais \u00eatre architecte. J\u2019ai finalement suivi des \u00e9tudes dans la communication. Je consid\u00e9rais le dessin comme un loisir \u00bb, se rappelle cette derni\u00e8re. Elle d\u00e9marre sa carri\u00e8re \u00e0 Londres avant d\u2019ouvrir une agence \u00e0 Paris, sp\u00e9cialis\u00e9e dans le cin\u00e9ma. \u00ab Puis, avec mon mari, on a d\u00e9m\u00e9nag\u00e9 \u00e0 Marseille o\u00f9 j\u2019ai dirig\u00e9 une agence de production vid\u00e9o \u00bb, d\u00e9taille-t-elle.<\/p>\n<p><img decoding=\"async\" src=\"https:\/\/www.europesays.com\/fr\/wp-content\/uploads\/2025\/11\/69174a9841b93a5f290976a4.1.jpeg\" width=\"480\" height=\"300\" class=\"web_golden_m\" loading=\"lazy\" alt=\"Chaque dessin d\u2019architecture de Marion Lagarde est r\u00e9alis\u00e9 avec \u00e9norm\u00e9ment de d\u00e9tails.\"\/>Chaque dessin d\u2019architecture de Marion Lagarde est r\u00e9alis\u00e9 avec \u00e9norm\u00e9ment de d\u00e9tails. (Le T\u00e9l\u00e9gramme\/Pauline Le Diouris)\u00ab Je me suis mise \u00e0 esquisser ce que j\u2019avais sous les yeux \u00bb<\/p>\n<p>C\u2019est lorsqu\u2019elle habitait la cit\u00e9 phoc\u00e9enne qu\u2019elle s\u2019est mise \u00e0 explorer les perspectives. \u00ab J\u2019avais quitt\u00e9 mon travail. J\u2019ai repris le dessin. Je me suis mise \u00e0 esquisser ce que j\u2019avais sous les yeux. Je passais pas mal de temps au jardin du Pharo qui offre une vue de Marseille. On avait aussi un appartement avec une vue d\u00e9gag\u00e9e sur la cit\u00e9 \u00bb, d\u00e9crit-elle. Elle prend go\u00fbt \u00e0 tracer les contours des b\u00e2timents. \u00ab Cela raisonnait de dessiner de l\u2019architecture. J\u2019aime le c\u00f4t\u00e9 carr\u00e9. J\u2019aime la r\u00e9p\u00e9tition des lignes \u00bb, assure l\u2019artiste dans un large sourire.<\/p>\n<blockquote class=\"instagram-media\" data-instgrm-captioned=\"\" data-instgrm-permalink=\"https:\/\/www.instagram.com\/reel\/DBfv2Ubg3ow\/?utm_source=ig_embed&amp;utm_campaign=loading\" data-instgrm-version=\"14\" style=\" background:#FFF; border:0; border-radius:3px; box-shadow:0 0 1px 0 rgba(0,0,0,0.5),0 1px 10px 0 rgba(0,0,0,0.15); margin: 1px; max-width:540px; min-width:326px; padding:0; width:99.375%; width:-webkit-calc(100% - 2px); width:calc(100% - 2px);\"\/><p>\u00ab Cela vient sacraliser le travail d\u2019une vie \u00bb<\/p>\n<p>Lors d\u2019un week-end entre copines, elle arrive en avance. D\u00e9sormais toujours arm\u00e9e d\u2019un carnet et d\u2019un crayon, elle tue le temps avant l\u2019arriv\u00e9e de ses amies, en griffonnant. \u00ab Elles ont regard\u00e9 dans mes carnets et m\u2019ont pouss\u00e9e \u00e0 faire \u00ab quelque chose avec \u00e7a \u00bb \u00bb, raconte Marion Lagarde. <a href=\"https:\/\/paper-and-pen.com\/\" title=\"paper-and-pen.com\" target=\"_blank\" rel=\"noopener\">Paper and Pen na\u00eet <\/a>quelque temps plus tard. \u00ab On a d\u00e9m\u00e9nag\u00e9 \u00e0 Guidel \u00e0 ce moment-l\u00e0, en 2019. \u00bb La jeune femme se met alors \u00e0 dessiner les maisons de particuliers, puis pour des h\u00f4tels. \u00ab Les gens peuvent d\u00e9cliner mes croquis sur plein de supports ensuite : en carte de visite, cartes postales, sur les r\u00e9seaux\u2026 Cela vient sacraliser le travail d\u2019une vie, que ce soit un h\u00f4tel ou une maison de famille. Je travaille \u00e0 partir de photos \u00bb, assure-t-elle. Ses \u0153uvres ont aussi \u00e9t\u00e9 reproduites r\u00e9cemment sur des dalles de plafonds qui ornent d\u00e9sormais <a href=\"https:\/\/www.letelegramme.fr\/morbihan\/lorient-56100\/je-ne-pouvais-pas-rever-mieux-comme-salle-dexposition-les-oeuvres-de-six-artistes-ornent-les-plafonds-des-urgences-de-lhopital-de-lorient-6923696.php\" target=\"_blank\" rel=\"noopener\">une salle d\u2019examen des urgences de l\u2019h\u00f4pital du Scorff, \u00e0 Lorient<\/a>. \u00ab Je collabore aussi avec l\u2019entreprise Tecsound qui r\u00e9alise des panneaux d\u2019acoustique \u00bb, ajoute-t-elle. Ses \u0153uvres ont \u00e9t\u00e9 imprim\u00e9es dessus et sont actuellement expos\u00e9es \u00e0 Paris, \u00e0 la Tecsound Art Gallery.<\/p>\n<p>Celle qui se sent surtout inspir\u00e9e par les m\u00e9galopoles est amus\u00e9e de constater qu\u2019elle aurait du mal \u00e0 vivre ailleurs qu\u2019\u00e0 Guidel et sa tranquillit\u00e9. \u00ab Je suis une citadine. On a r\u00e9cemment voyag\u00e9 \u00e0 New York et j\u2019ai pr\u00e9venu qu\u2019il \u00e9tait possible que je ne veuille plus repartir. C\u2019est une ville que j\u2019ai beaucoup dessin\u00e9e \u00e0 partir d\u2019images. J\u2019ai ador\u00e9 mais j\u2019ai compris que je ne pourrai pas y vivre. J\u2019ai pris go\u00fbt \u00e0 la campagne \u00bb, rit celle qui tout de m\u00eame ramen\u00e9 de nombreux clich\u00e9s d\u2019architecture. Ne lui restera plus qu\u2019\u00e0 reproduire, \u00e0 main lev\u00e9e, sans esquisse et sans r\u00e8gle, les si photog\u00e9niques immeubles de Manhattan. \u00ab Mais ce que j\u2019aime avant tout, c\u2019est le concept des anglo-saxons de \u00ab home \u00bb. Il n\u2019existe pas vraiment de traduction. C\u2019est le \u00ab chez soi \u00bb. L\u00e0, o\u00f9 on se sent bien. \u00bb<\/p>\n<p><script async src=\"\/\/www.instagram.com\/embed.js\"><\/script><\/p>\n","protected":false},"excerpt":{"rendered":"\u00ab J\u2019ai toujours dessin\u00e9 mais sans jamais prendre de cours acad\u00e9mique \u00bb, sourit Marion Lagarde. Dans sa maison&hellip;\n","protected":false},"author":2,"featured_media":535836,"comment_status":"","ping_status":"","sticky":false,"template":"","format":"standard","meta":{"footnotes":""},"categories":[1358],"tags":[8913,1348,1384,1385,251,1386,58,59,1011,27,10794,1781],"class_list":{"0":"post-535835","1":"post","2":"type-post","3":"status-publish","4":"format-standard","5":"has-post-thumbnail","7":"category-arts-et-design","8":"tag-art-plastique","9":"tag-arts","10":"tag-arts-and-design","11":"tag-arts-et-design","12":"tag-culture","13":"tag-design","14":"tag-divertissement","15":"tag-entertainment","16":"tag-fr","17":"tag-france","18":"tag-guidel","19":"tag-lorient"},"share_on_mastodon":{"url":"https:\/\/pubeurope.com\/@fr\/115553411838161368","error":""},"_links":{"self":[{"href":"https:\/\/www.europesays.com\/fr\/wp-json\/wp\/v2\/posts\/535835","targetHints":{"allow":["GET"]}}],"collection":[{"href":"https:\/\/www.europesays.com\/fr\/wp-json\/wp\/v2\/posts"}],"about":[{"href":"https:\/\/www.europesays.com\/fr\/wp-json\/wp\/v2\/types\/post"}],"author":[{"embeddable":true,"href":"https:\/\/www.europesays.com\/fr\/wp-json\/wp\/v2\/users\/2"}],"replies":[{"embeddable":true,"href":"https:\/\/www.europesays.com\/fr\/wp-json\/wp\/v2\/comments?post=535835"}],"version-history":[{"count":0,"href":"https:\/\/www.europesays.com\/fr\/wp-json\/wp\/v2\/posts\/535835\/revisions"}],"wp:featuredmedia":[{"embeddable":true,"href":"https:\/\/www.europesays.com\/fr\/wp-json\/wp\/v2\/media\/535836"}],"wp:attachment":[{"href":"https:\/\/www.europesays.com\/fr\/wp-json\/wp\/v2\/media?parent=535835"}],"wp:term":[{"taxonomy":"category","embeddable":true,"href":"https:\/\/www.europesays.com\/fr\/wp-json\/wp\/v2\/categories?post=535835"},{"taxonomy":"post_tag","embeddable":true,"href":"https:\/\/www.europesays.com\/fr\/wp-json\/wp\/v2\/tags?post=535835"}],"curies":[{"name":"wp","href":"https:\/\/api.w.org\/{rel}","templated":true}]}}