{"id":535841,"date":"2025-11-15T11:14:22","date_gmt":"2025-11-15T11:14:22","guid":{"rendered":"https:\/\/www.europesays.com\/fr\/535841\/"},"modified":"2025-11-15T11:14:22","modified_gmt":"2025-11-15T11:14:22","slug":"le-film-chopin-chopin-complet-en-moins-de-24-heures-au-festival-de-pessac","status":"publish","type":"post","link":"https:\/\/www.europesays.com\/fr\/535841\/","title":{"rendered":"Le film \u00ab\u00a0Chopin, Chopin\u00a0!\u00a0\u00bb complet en moins de 24\u00a0heures au festival de Pessac"},"content":{"rendered":"<p>\u00ab\u00a0C\u2019est rarissime\u00a0! D\u00e8s le lendemain de l\u2019ouverture de la billetterie toutes les places pour \u2018\u2019Chopin, Chopin\u00a0!\u2019\u2019 \u00e9taient vendues, alors qu\u2019on le programme dans trois salles, et un dimanche soir, \u00e0 un moment o\u00f9 les gens ont plut\u00f4t tendance \u00e0 rester chez eux.\u00a0\u00bb Fran\u00e7ois Aym\u00e9, d\u00e9l\u00e9gu\u00e9 g\u00e9n\u00e9ral du Festival du film d\u2019histoire de Pessac, est impressionn\u00e9 par le succ\u00e8s de ce film polonais, qui sera <a href=\"https:\/\/cinema-histoire-pessac.fr\/films\/chopin-chopin\/\" target=\"_blank\" rel=\"nofollow noopener\">projet\u00e9 dimanche\u00a023<\/a>, en cl\u00f4ture de l\u2019\u00e9v\u00e9nement.<\/p>\n","protected":false},"excerpt":{"rendered":"\u00ab\u00a0C\u2019est rarissime\u00a0! D\u00e8s le lendemain de l\u2019ouverture de la billetterie toutes les places pour \u2018\u2019Chopin, Chopin\u00a0!\u2019\u2019 \u00e9taient vendues,&hellip;\n","protected":false},"author":2,"featured_media":535842,"comment_status":"","ping_status":"","sticky":false,"template":"","format":"standard","meta":{"footnotes":""},"categories":[1354],"tags":[58,59,1346,1011,27,1360],"class_list":{"0":"post-535841","1":"post","2":"type-post","3":"status-publish","4":"format-standard","5":"has-post-thumbnail","7":"category-films","8":"tag-divertissement","9":"tag-entertainment","10":"tag-films","11":"tag-fr","12":"tag-france","13":"tag-movies"},"share_on_mastodon":{"url":"https:\/\/pubeurope.com\/@fr\/115553427902746656","error":""},"_links":{"self":[{"href":"https:\/\/www.europesays.com\/fr\/wp-json\/wp\/v2\/posts\/535841","targetHints":{"allow":["GET"]}}],"collection":[{"href":"https:\/\/www.europesays.com\/fr\/wp-json\/wp\/v2\/posts"}],"about":[{"href":"https:\/\/www.europesays.com\/fr\/wp-json\/wp\/v2\/types\/post"}],"author":[{"embeddable":true,"href":"https:\/\/www.europesays.com\/fr\/wp-json\/wp\/v2\/users\/2"}],"replies":[{"embeddable":true,"href":"https:\/\/www.europesays.com\/fr\/wp-json\/wp\/v2\/comments?post=535841"}],"version-history":[{"count":0,"href":"https:\/\/www.europesays.com\/fr\/wp-json\/wp\/v2\/posts\/535841\/revisions"}],"wp:featuredmedia":[{"embeddable":true,"href":"https:\/\/www.europesays.com\/fr\/wp-json\/wp\/v2\/media\/535842"}],"wp:attachment":[{"href":"https:\/\/www.europesays.com\/fr\/wp-json\/wp\/v2\/media?parent=535841"}],"wp:term":[{"taxonomy":"category","embeddable":true,"href":"https:\/\/www.europesays.com\/fr\/wp-json\/wp\/v2\/categories?post=535841"},{"taxonomy":"post_tag","embeddable":true,"href":"https:\/\/www.europesays.com\/fr\/wp-json\/wp\/v2\/tags?post=535841"}],"curies":[{"name":"wp","href":"https:\/\/api.w.org\/{rel}","templated":true}]}}