{"id":535847,"date":"2025-11-15T11:17:11","date_gmt":"2025-11-15T11:17:11","guid":{"rendered":"https:\/\/www.europesays.com\/fr\/535847\/"},"modified":"2025-11-15T11:17:11","modified_gmt":"2025-11-15T11:17:11","slug":"le-depute-rn-jean-philippe-tanguy-insulte-alain-souchon","status":"publish","type":"post","link":"https:\/\/www.europesays.com\/fr\/535847\/","title":{"rendered":"Le d\u00e9put\u00e9 RN Jean-Philippe Tanguy insulte Alain Souchon"},"content":{"rendered":"<p>      R\u00e9sum\u00e9<\/p>\n<p>Le d\u00e9put\u00e9 RN Jean-Philippe Tanguy a vivement r\u00e9agi aux propos d&rsquo;Alain Souchon sur la politique, suscitant une controverse autour de leurs positions respectives.<\/p>\n<p>        Sommaire<\/p>\n<p><strong>Les propos d&rsquo;Alain Souchon n&rsquo;en finissent plus de faire parler<\/strong>. Invit\u00e9 sur RTL, Alain Souchon, 81 ans, <a href=\"https:\/\/www.public.fr\/je-ne-crois-pas-que-les-francais-soient-assez-cons-alain-souchon-menace-de-sexiler-en-suisse-si-le-rn-arrive-au-pouvoir-en-2027\" target=\"_blank\" rel=\"noopener\">a menac\u00e9 de quitter la France si le RN acc\u00e9dait au pouvoir<\/a> en mai 2027. Le chanteur populaire, inquiet de la progression du parti malgr\u00e9 l&rsquo;in\u00e9ligibilit\u00e9 de Marine Le Pen, estime qu&rsquo;une victoire \u00e0 la prochaine pr\u00e9sidentielle pouvait avoir des r\u00e9percussions tragiques pour notre pays\u2026 <strong>Une r\u00e9volution en vue<\/strong> ?<\/p>\n<p>\u00ab\u00a0<strong>Je ne crois pas que les Fran\u00e7ais soient assez cons<\/strong> pour \u00e9lire quelqu&rsquo;un du Front national pour diriger\u00a0\u00bb a tacl\u00e9 Alain Souchon ce vendredi 14 novembre. En pleine promo de son nouvel album, le chanteur a frapp\u00e9 fort\u2026 Reconnaissant que le parti de Marine Le Pen et Jordan Bardella lui \u00ab\u00a0fait peur\u00a0\u00bb et lui donne \u00ab\u00a0des frissons\u00a0\u00bb, Alain Souchon a m\u00eame affirm\u00e9 <strong>qu&rsquo;il s&rsquo;expatrierait en Suisse pour ne pas avoir \u00e0 le subir<\/strong>\u2026<\/p>\n<p>La droite conservatrice est leader en Suisse&#8230;<\/p>\n<p>Mais la sortie d&rsquo;Alain Souchon n&rsquo;en finit plus de faire pol\u00e9mique. Et surtout, le chanteur se voit reprocher d&rsquo;avoir donn\u00e9 le mauvais exemple. Car en 2023, aux derni\u00e8res \u00e9lections f\u00e9d\u00e9rales pour le Conseil national, <strong>c&rsquo;est l&rsquo;union d\u00e9mocratique du centre (UDC) <\/strong>qui a obtenu 28% des voix. Le parti le plus \u00e0 droite du pays, tr\u00e8s populiste et conservateur, a obtenu neuf si\u00e8ges de plus qu&rsquo;\u00e0 la pr\u00e9c\u00e9dente l\u00e9gislature. Dans les sondages, <strong>l&rsquo;UDC affiche d\u00e9sormais 30% d&rsquo;intentions de voix<\/strong>\u2026<\/p>\n<p>De quoi, forc\u00e9ment, faire rire les opposants&#8230; Alain Souchon s&rsquo;est dans un premier temps attir\u00e9 les foudres <a href=\"https:\/\/www.public.fr\/legislatives-anticipees-la-grosse-boulette-dun-proche-de-marine-le-pen-dans-tpmp-tweet-en-urgence-pour-sexcuser\" target=\"_blank\" rel=\"noopener\">du d\u00e9put\u00e9 S\u00e9bastien Chenu<\/a>. Sur X, le cinqui\u00e8me vice-pr\u00e9sident de l&rsquo;Assembl\u00e9e nationale a d\u00e9clar\u00e9 : \u00ab\u00a0Comme quoi, on peut \u00e9crire de jolies chansons pleines de bons sentiments et<strong> \u00eatre parfaitement m\u00e9prisant et insultant vis-\u00e0-vis du public<\/strong>\u00ab\u00a0.<\/p>\n<blockquote class=\"twitter-tweet\">\n<p>Chez <a href=\"https:\/\/twitter.com\/FogielMarcO?ref_src=twsrc%5Etfw\" target=\"_blank\" rel=\"noopener\">@FogielMarcO<\/a> le chanteur Alain Souchon insulte tranquillement de \u00ab\u00a0cons\u00a0\u00bb les fran\u00e7ais qui votent ou pourraient voter <a href=\"https:\/\/twitter.com\/MLP_officiel?ref_src=twsrc%5Etfw\" target=\"_blank\" rel=\"noopener\">@MLP_officiel<\/a> . Comme quoi on peut \u00e9crire de jolies chansons pleines de bons sentiments et parfaitement m\u00e9prisant et insultant vis \u00e0 vis du public. Et il\u2026 <a href=\"https:\/\/t.co\/RifyHxKPnV\">https:\/\/t.co\/RifyHxKPnV<\/a><\/p>\n<p>\u2014 S\u00e9bastien Chenu (@sebchenu) <a href=\"https:\/\/twitter.com\/sebchenu\/status\/1989307430619004967?ref_src=twsrc%5Etfw\" target=\"_blank\" rel=\"noopener\">November 14, 2025<\/a><\/p><\/blockquote>\n<p>Tanguy exhume des propos anti-France de Souchon <\/p>\n<p><a href=\"https:\/\/vsd.fr\/78168-ineligibilite-de-marine-le-pen-une-lettre-du-syndicat-de-la-magistrature-refait-surface\/\" target=\"_blank\" rel=\"noopener\">H\u00e9l\u00e8ne Laporte<\/a>, sixi\u00e8me vice-pr\u00e9sidente de l&rsquo;Assembl\u00e9e nationale, a critiqu\u00e9 le deux poids-deux mesures du chanteur, qui avait sign\u00e9 il y a quelques mois une tribune pour s&rsquo;opposer \u00e0 l&rsquo;ouverture d&rsquo;une sup\u00e9rette dans le 6e\u2026 Mais <strong>c&rsquo;est la diatribe de Jean-Philippe Tanguy qui fait la plus parler<\/strong>\u2026<\/p>\n<p>En effet, reprenant les propos, le d\u00e9put\u00e9 RN a d\u00e9clar\u00e9 : \u00ab\u00a0Souchon est donc assez con selon ses crit\u00e8res de phare moral de l&rsquo;humanit\u00e9 <strong>puisque la Suisse applique largement le programme du RN<\/strong>, et que le parti populiste qui a gagn\u00e9 les derni\u00e8res \u00e9lections l\u00e9gislatives est \u00e0 la droite du RN\u00a0\u00bb.<\/p>\n<p>Dans un second tweet, le proche de Marine Le Pen en remet une couche, en exhumant une vid\u00e9o de mars 1986 dans laquelle le chanteur assurait \u00ab\u00a0se foutre\u00a0\u00bb de la France\u2026 \u00ab\u00a040 ans apr\u00e8s, Souchon est toujours bien au chaud en France, ce truc qu&rsquo;il estimait d\u00e9mod\u00e9 par rapport l&rsquo;UE.<strong> Il veut n\u00e9anmoins se r\u00e9fugier en Suisse, qui refuse totalement de rentrer dans l&rsquo;UE<\/strong>. Comprenne qui pourra\u00a0\u00bb \u00e9crit l&rsquo;\u00e9lu de la 4e circonscription de la Somme. Ambiance\u2026<\/p>\n<blockquote class=\"twitter-tweet\">\n<p>Souchon est donc \u00ab\u00a0assez con\u00a0\u00bb selon ses crit\u00e8res de phare moral de l\u2019humanit\u00e9 puisque la Suisse applique largement le programme du RN et que le parti populiste qui a gagn\u00e9 les derni\u00e8res \u00e9lections l\u00e9gislatives est \u00e0 la droite du RN. <\/p>\n<p>\ud83d\ude02\ud83d\ude02\ud83d\ude02 <a href=\"https:\/\/t.co\/u4BI0eosgy\">https:\/\/t.co\/u4BI0eosgy<\/a><\/p>\n<p>\u2014 Jean-Philippe Tanguy \u24c2\ufe0f (@JphTanguy) <a href=\"https:\/\/twitter.com\/JphTanguy\/status\/1989341758782951769?ref_src=twsrc%5Etfw\" target=\"_blank\" rel=\"noopener\">November 14, 2025<\/a><\/p><\/blockquote>\n<blockquote class=\"twitter-tweet\">\n<p>40 ans apr\u00e8s, Souchon est toujours bien au chaud en France, ce \u00ab\u00a0\u00ab\u00a0truc\u00a0\u00bb qu\u2019il estimait \u00ab\u00a0d\u00e9mod\u00e9\u00a0\u00bb par rapport \u00e0 l\u2019Union europ\u00e9enne. <\/p>\n<p>Il veut n\u00e9anmoins se r\u00e9fugier en Suisse, qui refuse totalement de rentrer dans l\u2019UE. <\/p>\n<p>Comprenne qui pourra. <a href=\"https:\/\/t.co\/ji5OzA7Jbs\">https:\/\/t.co\/ji5OzA7Jbs<\/a><\/p>\n<p>\u2014 Jean-Philippe Tanguy \u24c2\ufe0f (@JphTanguy) <a href=\"https:\/\/twitter.com\/JphTanguy\/status\/1989393489994682640?ref_src=twsrc%5Etfw\" target=\"_blank\" rel=\"noopener\">November 14, 2025<\/a><\/p><\/blockquote>\n<p>\n          Hits &amp; People en continu\n        <\/p>\n<p>\n          Public Radio\n        <\/p>\n<p>      Mentionn\u00e9s dans cet article<\/p>\n<p>      Sur le m\u00eame sujet<\/p>\n<p>  <script async src=\"https:\/\/platform.twitter.com\/widgets.js\" charset=\"utf-8\"><\/script><\/p>\n","protected":false},"excerpt":{"rendered":"R\u00e9sum\u00e9 Le d\u00e9put\u00e9 RN Jean-Philippe Tanguy a vivement r\u00e9agi aux propos d&rsquo;Alain Souchon sur la politique, suscitant une&hellip;\n","protected":false},"author":2,"featured_media":535848,"comment_status":"","ping_status":"","sticky":false,"template":"","format":"standard","meta":{"footnotes":""},"categories":[8],"tags":[36362,12232,422,58,59,1011,27,2335,2556],"class_list":{"0":"post-535847","1":"post","2":"type-post","3":"status-publish","4":"format-standard","5":"has-post-thumbnail","7":"category-divertissement","8":"tag-alain-souchon","9":"tag-clash","10":"tag-depute","11":"tag-divertissement","12":"tag-entertainment","13":"tag-fr","14":"tag-france","15":"tag-insulte","16":"tag-rassemblement-national-rn"},"share_on_mastodon":{"url":"https:\/\/pubeurope.com\/@fr\/115553438660756512","error":""},"_links":{"self":[{"href":"https:\/\/www.europesays.com\/fr\/wp-json\/wp\/v2\/posts\/535847","targetHints":{"allow":["GET"]}}],"collection":[{"href":"https:\/\/www.europesays.com\/fr\/wp-json\/wp\/v2\/posts"}],"about":[{"href":"https:\/\/www.europesays.com\/fr\/wp-json\/wp\/v2\/types\/post"}],"author":[{"embeddable":true,"href":"https:\/\/www.europesays.com\/fr\/wp-json\/wp\/v2\/users\/2"}],"replies":[{"embeddable":true,"href":"https:\/\/www.europesays.com\/fr\/wp-json\/wp\/v2\/comments?post=535847"}],"version-history":[{"count":0,"href":"https:\/\/www.europesays.com\/fr\/wp-json\/wp\/v2\/posts\/535847\/revisions"}],"wp:featuredmedia":[{"embeddable":true,"href":"https:\/\/www.europesays.com\/fr\/wp-json\/wp\/v2\/media\/535848"}],"wp:attachment":[{"href":"https:\/\/www.europesays.com\/fr\/wp-json\/wp\/v2\/media?parent=535847"}],"wp:term":[{"taxonomy":"category","embeddable":true,"href":"https:\/\/www.europesays.com\/fr\/wp-json\/wp\/v2\/categories?post=535847"},{"taxonomy":"post_tag","embeddable":true,"href":"https:\/\/www.europesays.com\/fr\/wp-json\/wp\/v2\/tags?post=535847"}],"curies":[{"name":"wp","href":"https:\/\/api.w.org\/{rel}","templated":true}]}}