{"id":535853,"date":"2025-11-15T11:20:17","date_gmt":"2025-11-15T11:20:17","guid":{"rendered":"https:\/\/www.europesays.com\/fr\/535853\/"},"modified":"2025-11-15T11:20:17","modified_gmt":"2025-11-15T11:20:17","slug":"la-police-privilegie-la-these-de-laccident-pour-le-bus-qui-a-fait-trois-morts-a-stockholm","status":"publish","type":"post","link":"https:\/\/www.europesays.com\/fr\/535853\/","title":{"rendered":"La police privil\u00e9gie la th\u00e8se de l\u2019accident pour le bus qui a fait trois morts \u00e0 Stockholm"},"content":{"rendered":"<p>La police su\u00e9doise a d\u00e9clar\u00e9 samedi privil\u00e9gier la piste de l\u2019accident au lendemain de la mort de <a href=\"https:\/\/www.20minutes.fr\/monde\/4185723-20251114-suede-bus-fonce-pietons-fait-plusieurs-morts-stockholm\" class=\"c-link c-link--is-underlined\" target=\"_blank\" rel=\"noopener\">trois personnes percut\u00e9es par un bus<\/a> \u00e0 <a href=\"https:\/\/www.20minutes.fr\/dossier\/stockholm\" class=\"c-link c-link--is-underlined\" target=\"_blank\" rel=\"noopener\">Stockholm<\/a>, en Su\u00e8de, en pleine heure de pointe.<\/p>\n<p>\u00ab\u00a0D\u2019apr\u00e8s les \u00e9l\u00e9ments que nous avons analys\u00e9s pour le moment, des t\u00e9moignages et des photos notamment, rien ne prouve que l\u2019accident est intentionnel\u00a0\u00bb, a dit \u00e0 l\u2019<a href=\"https:\/\/www.20minutes.fr\/dossier\/afp\" class=\"c-link c-link--is-underlined\" target=\"_blank\" rel=\"noopener\">AFP<\/a> un porte-parole de la police, Ola \u00d6sterling.<\/p>\n<p>Le chauffeur de bus a \u00e9t\u00e9 plac\u00e9 en \u00e9tat d\u2019arrestation, soup\u00e7onn\u00e9 d\u2019homicide involontaire. Il est actuellement hospitalis\u00e9, a pr\u00e9cis\u00e9 M. \u00d6sterling.<\/p>\n<p><a href=\"https:\/\/www.20minutes.fr\/dossier\/suede\" class=\"c-link c-btn c-btn--primary\" target=\"_blank\" rel=\"noopener\">Nos articles sur la \u00abSu\u00e8de\u00bb<\/a><\/p>\n<p>D\u2019apr\u00e8s les m\u00e9dias su\u00e9dois, l\u2019homme, qui n\u2019a pas \u00e9t\u00e9 identifi\u00e9, \u00e9tait sur le point de faire une pause dans sa journ\u00e9e de travail. Vendredi apr\u00e8s 15h00 (14h00 GMT), un bus \u00e0 imp\u00e9riale a heurt\u00e9 une file d\u2019attente \u00e0 un arr\u00eat de bus sur une art\u00e8re fr\u00e9quent\u00e9e du centre de la capitale su\u00e9doise.<\/p>\n<\/p>\n<p>\u00ab\u00a0Nous avons vu le bus rouler \u00e0 une vitesse assez \u00e9lev\u00e9e. Il a d\u00e9fonc\u00e9 l\u2019abribus et on a entendu le verre se briser\u00a0\u00bb, a racont\u00e9 au quotidien Expressen, Linda Contreraz-Elffors, t\u00e9moin de l\u2019incident. \u00ab\u00a0Le bus n\u2019a pas essay\u00e9 de freiner, il a percut\u00e9 un arbre ou un lampadaire et ce n\u2019est qu\u2019apr\u00e8s cela qu\u2019il s\u2019est arr\u00eat\u00e9\u00a0\u00bb, a-t-elle ajout\u00e9.<\/p>\n<p>Trois personnes sont mortes et trois ont \u00e9t\u00e9 bless\u00e9es, d\u2019apr\u00e8s le bilan de la police. Leur identit\u00e9 n\u2019a pas \u00e9t\u00e9 rendue publique et ne devrait pas l\u2019\u00eatre avant quelques jours, a ajout\u00e9 M. \u00d6sterling.<\/p>\n","protected":false},"excerpt":{"rendered":"La police su\u00e9doise a d\u00e9clar\u00e9 samedi privil\u00e9gier la piste de l\u2019accident au lendemain de la mort de trois&hellip;\n","protected":false},"author":2,"featured_media":535854,"comment_status":"","ping_status":"","sticky":false,"template":"","format":"standard","meta":{"footnotes":""},"categories":[5],"tags":[4376,47,11,11371,3348,118,1011,27,14,74,12,10636,10855,7199,28],"class_list":{"0":"post-535853","1":"post","2":"type-post","3":"status-publish","4":"format-standard","5":"has-post-thumbnail","7":"category-international","8":"tag-accident-de-la-route","9":"tag-actualite","10":"tag-actualites","11":"tag-afp","12":"tag-drame","13":"tag-faits-divers","14":"tag-fr","15":"tag-france","16":"tag-international","17":"tag-monde","18":"tag-news","19":"tag-pietons","20":"tag-stockholm","21":"tag-suede","22":"tag-world"},"share_on_mastodon":{"url":"https:\/\/pubeurope.com\/@fr\/115553450353248148","error":""},"_links":{"self":[{"href":"https:\/\/www.europesays.com\/fr\/wp-json\/wp\/v2\/posts\/535853","targetHints":{"allow":["GET"]}}],"collection":[{"href":"https:\/\/www.europesays.com\/fr\/wp-json\/wp\/v2\/posts"}],"about":[{"href":"https:\/\/www.europesays.com\/fr\/wp-json\/wp\/v2\/types\/post"}],"author":[{"embeddable":true,"href":"https:\/\/www.europesays.com\/fr\/wp-json\/wp\/v2\/users\/2"}],"replies":[{"embeddable":true,"href":"https:\/\/www.europesays.com\/fr\/wp-json\/wp\/v2\/comments?post=535853"}],"version-history":[{"count":0,"href":"https:\/\/www.europesays.com\/fr\/wp-json\/wp\/v2\/posts\/535853\/revisions"}],"wp:featuredmedia":[{"embeddable":true,"href":"https:\/\/www.europesays.com\/fr\/wp-json\/wp\/v2\/media\/535854"}],"wp:attachment":[{"href":"https:\/\/www.europesays.com\/fr\/wp-json\/wp\/v2\/media?parent=535853"}],"wp:term":[{"taxonomy":"category","embeddable":true,"href":"https:\/\/www.europesays.com\/fr\/wp-json\/wp\/v2\/categories?post=535853"},{"taxonomy":"post_tag","embeddable":true,"href":"https:\/\/www.europesays.com\/fr\/wp-json\/wp\/v2\/tags?post=535853"}],"curies":[{"name":"wp","href":"https:\/\/api.w.org\/{rel}","templated":true}]}}