{"id":535858,"date":"2025-11-15T11:23:12","date_gmt":"2025-11-15T11:23:12","guid":{"rendered":"https:\/\/www.europesays.com\/fr\/535858\/"},"modified":"2025-11-15T11:23:12","modified_gmt":"2025-11-15T11:23:12","slug":"gael-perdriau-porte-plainte-contre-regis-juanico-pour-faux-temoignage","status":"publish","type":"post","link":"https:\/\/www.europesays.com\/fr\/535858\/","title":{"rendered":"Ga\u00ebl Perdriau porte plainte contre R\u00e9gis Juanico pour faux t\u00e9moignage"},"content":{"rendered":"<p>On s\u2019en souvient, le conseil municipal du 13\u00a0octobre dernier, qui intervenait quinze jours apr\u00e8s la fin du proc\u00e8s de la vid\u00e9o intime au tribunal judiciaire de Lyon, <a href=\"https:\/\/www.leprogres.fr\/faits-divers-justice\/2025\/10\/13\/premier-conseil-apres-le-proces-gael-perdriau-met-l-opposition-a-bout-de-nerfs\" target=\"_blank\" rel=\"noopener\">avait \u00e9t\u00e9 particuli\u00e8rement houleux<\/a>. M\u00eame si c\u2019est devenu une habitude depuis les r\u00e9v\u00e9lations de Mediapart en ao\u00fbt\u00a02022.<\/p>\n<p>Lors de cette s\u00e9ance, l\u2019opposition n\u2019avait \u00e9videmment pas manqu\u00e9 de remettre l\u2019affaire sur le tapis et avait r\u00e9it\u00e9r\u00e9 sa demande de voir <a href=\"https:\/\/www.leprogres.fr\/p\/gael-perdriau\" target=\"_blank\" rel=\"noopener\">Ga\u00ebl Perdriau<\/a> d\u00e9missionner, ou tout du moins se mettre en retrait, apr\u00e8s que la procureure avait requis contre lui 5 ans de prison (dont 3 ferme non am\u00e9nageables) et 5 ans d\u2019in\u00e9ligibilit\u00e9 avec ex\u00e9cution provisoire (le jugement sera rendu le 1 er \u00a0d\u00e9cembre).<\/p>\n<p><a href=\"https:\/\/www.leprogres.fr\/politique\/2025\/10\/13\/gael-perdriau-fait-la-liste-des-boum-regis-juanico-va-porter-plainte-pour-diffamation\" target=\"_blank\" rel=\"noopener\">Ga\u00ebl Perdriau n\u2019avait pas h\u00e9sit\u00e9, ce jour-l\u00e0, \u00e0 accuser publiquement<\/a> celui qui conduira la liste de gauche lors des prochaines municipales, \u00e0 savoir l\u2019ancien d\u00e9put\u00e9 et actuel conseiller d\u00e9partemental R\u00e9gis Juanico (PS)\u00a0: \u00ab\u00a0Je trouve cocasse qu\u2019il organise bient\u00f4t un atelier sur la probit\u00e9 des \u00e9lus. Je pense qu\u2019il n\u2019est pas le mieux plac\u00e9 pour en parler\u2026\u00a0\u00bb<\/p>\n<p>\u00ab\u00a0R\u00e9gis Juanico \u00e9tait au courant de la vid\u00e9o intime six mois avant la publication de Mediapart et il n\u2019a pas fait appel \u00e0 l\u2019article\u00a040 (qui impose aux \u00e9lus de signaler \u00e0 la justice un d\u00e9lit dont ils auraient connaissance, N.D.L.R.) [\u2026] Il \u00e9crivait \u00e0 Gilles Rossary-Lenglet sur une messagerie crypt\u00e9e\u00a0\u00bb, avait affirm\u00e9 le maire, sous-entendant que la vid\u00e9o aurait eu \u00ab\u00a0un usage politique\u00a0\u00bb pour la gauche st\u00e9phanoise.<\/p>\n<p>  \u00ab\u00a0Ga\u00ebl Perdriau tente une derni\u00e8re man\u0153uvre grossi\u00e8re\u00a0\u00bb<\/p>\n<p>Face \u00e0 ces accusations, Isabelle Dumestre, cheffe de file du groupe Saint-\u00c9tienne Demain (et probable future colisti\u00e8re de R\u00e9gis Juanico pour les municipales), avait vu rouge\u00a0: \u00ab\u00a0Vous continuez de toujours salir, salir, salir. Vous vous exposez, avec les propos diffamatoires que vous avez tenus, \u00e0 un nouveau proc\u00e8s, qui va encore faire perdurer la situation judiciaire de notre ville\u2026\u00a0\u00bb<\/p>\n<p>Dans la soir\u00e9e du 13\u00a0octobre, R\u00e9gis Juanico annon\u00e7ait effectivement\u00a0: \u00ab\u00a0Je dis stop aux calomnies prof\u00e9r\u00e9es publiquement \u00e0 mon endroit par M. Perdriau. Il vient de franchir un nouveau cap en m\u2019accusant de \u201cfaux t\u00e9moignage devant la justice\u201d. Il tente une derni\u00e8re man\u0153uvre grossi\u00e8re avant le rendu de son d\u00e9lib\u00e9r\u00e9 en tentant de salir mes proches et moi-m\u00eame. J\u2019ai demand\u00e9 \u00e0 mon avocat de d\u00e9poser plainte contre M. Perdriau pour diffamation.\u00a0\u00bb<\/p>\n<p>  Une plainte d\u00e9pos\u00e9e lundi matin aupr\u00e8s du procureur de la R\u00e9publique de Lyon<\/p>\n<p>Plus d\u2019un mois apr\u00e8s ces faits, Ga\u00ebl Perdriau a annonc\u00e9 sur ses r\u00e9seaux sociaux, ce samedi 15\u00a0novembre, qu\u2019il allait porter plainte \u00e0 son tour contre R\u00e9gis Juanico pour faux t\u00e9moignage\u00a0: \u00ab\u00a0Mes avocats vont d\u00e9poser une plainte ce lundi matin aupr\u00e8s du procureur de la R\u00e9publique de Lyon.\u00a0\u00bb<\/p>\n<p>Et le maire de conclure son post en pr\u00e9venant\u00a0: \u00ab\u00a0On verra bien qui dit la v\u00e9rit\u00e9.\u00a0\u00bb<\/p>\n","protected":false},"excerpt":{"rendered":"On s\u2019en souvient, le conseil municipal du 13\u00a0octobre dernier, qui intervenait quinze jours apr\u00e8s la fin du proc\u00e8s&hellip;\n","protected":false},"author":2,"featured_media":535859,"comment_status":"","ping_status":"","sticky":false,"template":"","format":"standard","meta":{"footnotes":""},"categories":[9653],"tags":[1111,11,42797,2430,7539,1777,674,107,1011,27,3367,12,316,25,4001,7538],"class_list":{"0":"post-535858","1":"post","2":"type-post","3":"status-publish","4":"format-standard","5":"has-post-thumbnail","7":"category-saint-etienne","8":"tag-actu","9":"tag-actualites","10":"tag-affaire-perdriau","11":"tag-auvergne-rhone-alpes","12":"tag-edition-loire-sud","13":"tag-eu","14":"tag-europe","15":"tag-fil-info","16":"tag-fr","17":"tag-france","18":"tag-loire","19":"tag-news","20":"tag-politique","21":"tag-republique-francaise","22":"tag-saint-etienne","23":"tag-saint-etienne-ville"},"share_on_mastodon":{"url":"https:\/\/pubeurope.com\/@fr\/115553462217562703","error":""},"_links":{"self":[{"href":"https:\/\/www.europesays.com\/fr\/wp-json\/wp\/v2\/posts\/535858","targetHints":{"allow":["GET"]}}],"collection":[{"href":"https:\/\/www.europesays.com\/fr\/wp-json\/wp\/v2\/posts"}],"about":[{"href":"https:\/\/www.europesays.com\/fr\/wp-json\/wp\/v2\/types\/post"}],"author":[{"embeddable":true,"href":"https:\/\/www.europesays.com\/fr\/wp-json\/wp\/v2\/users\/2"}],"replies":[{"embeddable":true,"href":"https:\/\/www.europesays.com\/fr\/wp-json\/wp\/v2\/comments?post=535858"}],"version-history":[{"count":0,"href":"https:\/\/www.europesays.com\/fr\/wp-json\/wp\/v2\/posts\/535858\/revisions"}],"wp:featuredmedia":[{"embeddable":true,"href":"https:\/\/www.europesays.com\/fr\/wp-json\/wp\/v2\/media\/535859"}],"wp:attachment":[{"href":"https:\/\/www.europesays.com\/fr\/wp-json\/wp\/v2\/media?parent=535858"}],"wp:term":[{"taxonomy":"category","embeddable":true,"href":"https:\/\/www.europesays.com\/fr\/wp-json\/wp\/v2\/categories?post=535858"},{"taxonomy":"post_tag","embeddable":true,"href":"https:\/\/www.europesays.com\/fr\/wp-json\/wp\/v2\/tags?post=535858"}],"curies":[{"name":"wp","href":"https:\/\/api.w.org\/{rel}","templated":true}]}}