{"id":53586,"date":"2025-04-26T05:20:07","date_gmt":"2025-04-26T05:20:07","guid":{"rendered":"https:\/\/www.europesays.com\/fr\/53586\/"},"modified":"2025-04-26T05:20:07","modified_gmt":"2025-04-26T05:20:07","slug":"apres-la-pluie-et-la-grisaille-un-changement-rapide-et-inespere-de-la-meteo-a-paris-et-en-ile-de-france","status":"publish","type":"post","link":"https:\/\/www.europesays.com\/fr\/53586\/","title":{"rendered":"Apr\u00e8s la pluie et la grisaille, un changement rapide et inesp\u00e9r\u00e9 de la m\u00e9t\u00e9o \u00e0 Paris et en \u00cele-de-France"},"content":{"rendered":"<p>            Par<br \/>\n        <strong><br \/>\n            <a href=\"https:\/\/actu.fr\/auteur\/redaction-paris\" title=\"Consulter tous les articles de R\u00e9daction Paris\" rel=\"nofollow noopener\" target=\"_blank\">R\u00e9daction Paris<\/a><br \/>\n        <\/strong><\/p>\n<p>        Publi\u00e9 le<\/p>\n<p>            26 avr. 2025 \u00e0 6h06        <\/p>\n<p>On n\u2019y croyait plus ! Apr\u00e8s plusieurs jours de grisaille, de pluie et de baisse des temp\u00e9ratures \u00e0 Paris et en \u00cele-de-France durant les vacances de P\u00e2ques, la <a href=\"https:\/\/actu.fr\/paris\/meteo\" rel=\"nofollow noopener\" target=\"_blank\">m\u00e9t\u00e9o<\/a> devrait changer du tout au tout assez rapidement avec le <strong>retour du soleil et des temp\u00e9ratures qui vont grimper en fl\u00e8che<\/strong> pour nous faire gagner quelque 10 degr\u00e9s. Selon <a href=\"https:\/\/actu.fr\/tag\/meteo-france\" rel=\"nofollow noopener\" target=\"_blank\">M\u00e9t\u00e9o-France<\/a>, ce samedi 26 avril sera encore teint\u00e9 de gris mais le temps devrait \u00e9voluer tr\u00e8s positivement d\u00e8s dimanche et pour le reste de la semaine.\u00a0<\/p>\n<p>Les pr\u00e9visions de M\u00e9t\u00e9o-France \u00e0 Paris et en \u00cele-de-France<\/p>\n<p class=\" wall-content\">Ce samedi va rester \u00e0 l\u2019image des jours pr\u00e9c\u00e9dents. \u00ab\u00a0En lien avec une goutte froide (air froid en altitude) sur l\u2019Aquitaine, une nouvelle perturbation pluvio-instable apporte de la pluie ou des averses sur une moiti\u00e9 ouest du pays, indique M\u00e9t\u00e9o-France. Le temps est plus sec \u00e0 l\u2019est, mais pas toujours tr\u00e8s ensoleill\u00e9\u00a0\u00bb.\u00a0<\/p>\n<p class=\" wall-content\">En \u00cele-de-France, c\u2019est par un ciel voil\u00e9 que l\u2019on d\u00e9bute le week-end avant que les nuages ne deviennent plus nombreux en d\u00e9but d\u2019apr\u00e8s-midi. Il devrait faire 10\u00b0C \u00e0 8h dans la capitale et 18\u00b0C en d\u00e9but d\u2019apr\u00e8s-midi.\u00a0<\/p>\n<p class=\" wall-content\">Dimanche, l\u2019am\u00e9lioration devrait \u00eatre nette avec un soleil qui devrait briller g\u00e9n\u00e9reusement sur la r\u00e9gion et des temp\u00e9ratures qui montent, de 11\u00b0C le matin \u00e0 22\u00b0C l\u2019apr\u00e8s-midi.\u00a0<\/p>\n<p class=\" wall-content\">Lundi, l\u2019am\u00e9lioration se poursuit avec un beau temps ensoleill\u00e9 toute la journ\u00e9e et des temp\u00e9ratures \u00e0 nouveau orient\u00e9es \u00e0 la hausse qui devraient atteindre les 24\u00b0C \u00e0 Paris, soit des niveaux au-dessus des valeurs normalement observ\u00e9es \u00e0 cette p\u00e9riode.\u00a0<\/p>\n<p>Vid\u00e9os : en ce moment sur Actu<\/p>\n<p class=\" wall-content\">Les jours suivants devraient \u00e9galement \u00eatre tr\u00e8s ensoleill\u00e9s et les temp\u00e9ratures continuer de grimper pour d\u00e9passer les 25\u00b0C en milieu de semaine, atteignant \u00e0 divers endroits, comme Paris, les 27\u00b0C.\u00a0<\/p>\n<p class=\" wall-content\">\n<p class=\" wall-content\">A l\u2019heure actuelle, M\u00e9t\u00e9o-France indique une d\u00e9gradation \u00e0 partir de la fin de semaine mais \u00e0 confirmer dans les prochains jours. En attendant, ne boudons pas notre plaisir\u2026<\/p>\n<p class=\" wall-content\">Suivez toute l\u2019actualit\u00e9 de vos villes et m\u00e9dias favoris en vous inscrivant \u00e0 <a href=\"https:\/\/moncompte.actu.fr\" title=\"D\u00e9couvez Mon Actu\" rel=\"nofollow noopener\" data-trk=\"{&quot;cta&quot;:{&quot;action&quot;:&quot;https:\\\/\\\/moncompte.actu.fr&quot;,&quot;category&quot;:&quot;mon compte&quot;,&quot;from&quot;:&quot;article footer&quot;,&quot;name&quot;:&quot;Mon actu&quot;,&quot;type&quot;:&quot;cta&quot;}}\" target=\"_blank\">Mon Actu<\/a>.<\/p>\n","protected":false},"excerpt":{"rendered":"Par R\u00e9daction Paris Publi\u00e9 le 26 avr. 2025 \u00e0 6h06 On n\u2019y croyait plus ! Apr\u00e8s plusieurs jours&hellip;\n","protected":false},"author":2,"featured_media":53587,"comment_status":"","ping_status":"","sticky":false,"template":"","format":"standard","meta":{"footnotes":""},"categories":[1592],"tags":[1111,11,1777,674,1011,27,662,2487,2357,12,626,25],"class_list":{"0":"post-53586","1":"post","2":"type-post","3":"status-publish","4":"format-standard","5":"has-post-thumbnail","7":"category-ile-de-france","8":"tag-actu","9":"tag-actualites","10":"tag-eu","11":"tag-europe","12":"tag-fr","13":"tag-france","14":"tag-ile-de-france","15":"tag-meteo","16":"tag-meteo-france","17":"tag-news","18":"tag-paris","19":"tag-republique-francaise"},"share_on_mastodon":{"url":"https:\/\/pubeurope.com\/@fr\/114402585710204840","error":""},"_links":{"self":[{"href":"https:\/\/www.europesays.com\/fr\/wp-json\/wp\/v2\/posts\/53586","targetHints":{"allow":["GET"]}}],"collection":[{"href":"https:\/\/www.europesays.com\/fr\/wp-json\/wp\/v2\/posts"}],"about":[{"href":"https:\/\/www.europesays.com\/fr\/wp-json\/wp\/v2\/types\/post"}],"author":[{"embeddable":true,"href":"https:\/\/www.europesays.com\/fr\/wp-json\/wp\/v2\/users\/2"}],"replies":[{"embeddable":true,"href":"https:\/\/www.europesays.com\/fr\/wp-json\/wp\/v2\/comments?post=53586"}],"version-history":[{"count":0,"href":"https:\/\/www.europesays.com\/fr\/wp-json\/wp\/v2\/posts\/53586\/revisions"}],"wp:featuredmedia":[{"embeddable":true,"href":"https:\/\/www.europesays.com\/fr\/wp-json\/wp\/v2\/media\/53587"}],"wp:attachment":[{"href":"https:\/\/www.europesays.com\/fr\/wp-json\/wp\/v2\/media?parent=53586"}],"wp:term":[{"taxonomy":"category","embeddable":true,"href":"https:\/\/www.europesays.com\/fr\/wp-json\/wp\/v2\/categories?post=53586"},{"taxonomy":"post_tag","embeddable":true,"href":"https:\/\/www.europesays.com\/fr\/wp-json\/wp\/v2\/tags?post=53586"}],"curies":[{"name":"wp","href":"https:\/\/api.w.org\/{rel}","templated":true}]}}