{"id":535872,"date":"2025-11-15T11:32:25","date_gmt":"2025-11-15T11:32:25","guid":{"rendered":"https:\/\/www.europesays.com\/fr\/535872\/"},"modified":"2025-11-15T11:32:25","modified_gmt":"2025-11-15T11:32:25","slug":"aux-portes-de-rouen-collision-entre-un-bus-et-une-voiture","status":"publish","type":"post","link":"https:\/\/www.europesays.com\/fr\/535872\/","title":{"rendered":"Aux portes de Rouen, collision entre un bus et une voiture"},"content":{"rendered":"\n<p style=\"text-align: left;\" align=\"justify\">Les pompiers sont intervenus ce jeudi 13 novembre \u00e0 D\u00e9ville-l\u00e8s-Rouen. Une collision entre un bus du r\u00e9seau Astuce et une voiture s&rsquo;est produite vers 8h20 sur la route de Dieppe. Selon le Service d\u00e9partemental d&rsquo;incendie et de secours de Seine-Maritime, <strong>le choc a eu lieu \u00e0 faible vitesse et a fait une bless\u00e9e : la conductrice de la voiture, l\u00e9g\u00e8rement touch\u00e9e<\/strong> et qui a d\u00fb \u00eatre d\u00e9sincarc\u00e9r\u00e9e avant d&rsquo;\u00eatre emmen\u00e9e \u00e0 l&rsquo;h\u00f4pital pour un \u00ab\u00a0bilan compl\u00e9mentaire\u00a0\u00bb.<\/p>\n<p><strong>Quarante passagers sains et saufs<\/strong><\/p>\n<p style=\"text-align: left;\" align=\"justify\"><strong>La conductrice du bus s&rsquo;en est sortie indemne, tout comme les quarante passagers<\/strong>, \u00ab\u00a0partis avant l&rsquo;arriv\u00e9e des secours\u00a0\u00bb apprend-on. La circulation est rest\u00e9e coup\u00e9e dans les deux sens lors de cette intervention qui aura mobilis\u00e9 au total treize sapeurs-pompiers. La police et un responsable du r\u00e9seau Astuce se sont \u00e9galement rendus sur place.<\/p>\n","protected":false},"excerpt":{"rendered":"Les pompiers sont intervenus ce jeudi 13 novembre \u00e0 D\u00e9ville-l\u00e8s-Rouen. Une collision entre un bus du r\u00e9seau Astuce&hellip;\n","protected":false},"author":2,"featured_media":535873,"comment_status":"","ping_status":"","sticky":false,"template":"","format":"standard","meta":{"footnotes":""},"categories":[9587],"tags":[119,65520,65521,1111,11,65525,65523,65524,4504,65522,1777,674,1011,27,22461,12,5161,25,36173,9590,5163],"class_list":{"0":"post-535872","1":"post","2":"type-post","3":"status-publish","4":"format-standard","5":"has-post-thumbnail","7":"category-rouen","8":"tag-accident","9":"tag-accident-bus-voiture","10":"tag-accident-deville","11":"tag-actu","12":"tag-actualites","13":"tag-blesse-accident","14":"tag-bus-astuce","15":"tag-bus-astuce-accident","16":"tag-collision","17":"tag-deville-les-rouen","18":"tag-eu","19":"tag-europe","20":"tag-fr","21":"tag-france","22":"tag-infos-rouen","23":"tag-news","24":"tag-normandie","25":"tag-republique-francaise","26":"tag-reseau-astuce","27":"tag-rouen","28":"tag-seine-maritime"},"share_on_mastodon":{"url":"https:\/\/pubeurope.com\/@fr\/115553497577877997","error":""},"_links":{"self":[{"href":"https:\/\/www.europesays.com\/fr\/wp-json\/wp\/v2\/posts\/535872","targetHints":{"allow":["GET"]}}],"collection":[{"href":"https:\/\/www.europesays.com\/fr\/wp-json\/wp\/v2\/posts"}],"about":[{"href":"https:\/\/www.europesays.com\/fr\/wp-json\/wp\/v2\/types\/post"}],"author":[{"embeddable":true,"href":"https:\/\/www.europesays.com\/fr\/wp-json\/wp\/v2\/users\/2"}],"replies":[{"embeddable":true,"href":"https:\/\/www.europesays.com\/fr\/wp-json\/wp\/v2\/comments?post=535872"}],"version-history":[{"count":0,"href":"https:\/\/www.europesays.com\/fr\/wp-json\/wp\/v2\/posts\/535872\/revisions"}],"wp:featuredmedia":[{"embeddable":true,"href":"https:\/\/www.europesays.com\/fr\/wp-json\/wp\/v2\/media\/535873"}],"wp:attachment":[{"href":"https:\/\/www.europesays.com\/fr\/wp-json\/wp\/v2\/media?parent=535872"}],"wp:term":[{"taxonomy":"category","embeddable":true,"href":"https:\/\/www.europesays.com\/fr\/wp-json\/wp\/v2\/categories?post=535872"},{"taxonomy":"post_tag","embeddable":true,"href":"https:\/\/www.europesays.com\/fr\/wp-json\/wp\/v2\/tags?post=535872"}],"curies":[{"name":"wp","href":"https:\/\/api.w.org\/{rel}","templated":true}]}}