{"id":535880,"date":"2025-11-15T11:36:12","date_gmt":"2025-11-15T11:36:12","guid":{"rendered":"https:\/\/www.europesays.com\/fr\/535880\/"},"modified":"2025-11-15T11:36:12","modified_gmt":"2025-11-15T11:36:12","slug":"en-travaux-cette-place-de-rennes-fait-peau-neuve-voici-ce-qui-va-changer","status":"publish","type":"post","link":"https:\/\/www.europesays.com\/fr\/535880\/","title":{"rendered":"En travaux, cette place de Rennes fait peau neuve\u00a0: voici ce qui va changer"},"content":{"rendered":"<p>La<a href=\"https:\/\/www.letelegramme.fr\/ille-et-vilaine\/rennes-35000\/cest-le-jour-et-la-nuit-a-rennes-la-place-du-champ-jacquet-a-fait-peau-neuve-6912135.php\" target=\"_blank\" rel=\"nofollow noopener\"> place du Champ-Jacquet termin\u00e9e<\/a>, c\u2019est au tour de la place Honor\u00e9 Commeurec, \u00e0 c\u00f4t\u00e9 de la Cri\u00e9e &#8211; March\u00e9 Central dans le centre-ville de Rennes, de faire peau neuve. Depuis le 3 novembre, la ville de Rennes et Rennes M\u00e9tropole poursuivent leur op\u00e9ration de v\u00e9g\u00e9talisation en r\u00e9am\u00e9nageant la partie nord de la place Honor\u00e9 Commeurec.<\/p>\n<p>Au programme la plantation de deux aulnes de Corse et la v\u00e9g\u00e9talisation de 130 m2 de surface \u00ab pour permettre l\u2019infiltration des eaux pluviales \u00bb. \u00ab Ce projet a pour but de renforcer la part ombrag\u00e9e des espaces publics en centre-ville et contribuera \u00e0 la r\u00e9duction des \u00eelots de chaleur \u00bb, fait savoir la ville et la m\u00e9tropole. Les quatre noisetiers existants seront aussi conserv\u00e9s.<\/p>\n<p>Des places pour les voitures \u00e9lectriques<\/p>\n<p>Le gros changement intervient sur la partie nord de la place. Celle-ci sera pi\u00e9tonnis\u00e9e et il ne sera plus possible d\u2019y acc\u00e9der en voiture par la rue Poullain Duparc. L\u2019acc\u00e8s \u00e0 la place et au parking de La Cri\u00e9e sera possible uniquement par la rue de Nemours.<\/p>\n<p>Un nouvel am\u00e9nagement qui froisse certain commer\u00e7ants des halles centrales puisque des places de parking sont supprim\u00e9es au profit de trois bornes de recharges pour les voitures \u00e9lectriques.<\/p>\n<p>\u00ab C\u2019est le bazar \u00bb<\/p>\n<p>N\u00e9anmoins, sept places de stationnement d\u00e9j\u00e0 pr\u00e9sentes, dont une PMR, \ufeffsont maintenues. \u00ab C\u2019est le bazar, depuis le d\u00e9but des travaux, on constate une baisse de la fr\u00e9quentation, surtout la semaine. D\u00e9j\u00e0 que \u00e7a avait commenc\u00e9 par <a href=\"https:\/\/www.letelegramme.fr\/ille-et-vilaine\/rennes-35000\/demolition-du-parking-vilaine-a-rennes-la-phase-la-plus-spectaculaire-du-chantier-a-demarre-6921915.php\" target=\"_blank\" rel=\"nofollow noopener\">la fermeture du parking Vilaine<\/a> \u00bb, peste Antoine Boull\u00e9, patron de la boucherie Maison Boull\u00e9 et du restaurant C\u00f4te et Vin.<\/p>\n<p>Un constat partag\u00e9 par Th\u00e9o Guilloux, responsable de la poissonnerie Troadec qui ajoute : \u00ab Nos clients se plaignent. Ce ne sont pas des gens qui se baladent en bus ou \u00e0 v\u00e9lo. C\u2019est plut\u00f4t des anciens qui ont besoin de se garer au plus pr\u00e8s \u00bb.<\/p>\n","protected":false},"excerpt":{"rendered":"La place du Champ-Jacquet termin\u00e9e, c\u2019est au tour de la place Honor\u00e9 Commeurec, \u00e0 c\u00f4t\u00e9 de la Cri\u00e9e&hellip;\n","protected":false},"author":2,"featured_media":535881,"comment_status":"","ping_status":"","sticky":false,"template":"","format":"standard","meta":{"footnotes":""},"categories":[2821],"tags":[1111,11,829,1777,674,1011,27,848,12,584,25,10810],"class_list":{"0":"post-535880","1":"post","2":"type-post","3":"status-publish","4":"format-standard","5":"has-post-thumbnail","7":"category-rennes","8":"tag-actu","9":"tag-actualites","10":"tag-bretagne","11":"tag-eu","12":"tag-europe","13":"tag-fr","14":"tag-france","15":"tag-ille-et-vilaine","16":"tag-news","17":"tag-rennes","18":"tag-republique-francaise","19":"tag-urbanisme-a-rennes"},"share_on_mastodon":{"url":"https:\/\/pubeurope.com\/@fr\/115553513334769279","error":""},"_links":{"self":[{"href":"https:\/\/www.europesays.com\/fr\/wp-json\/wp\/v2\/posts\/535880","targetHints":{"allow":["GET"]}}],"collection":[{"href":"https:\/\/www.europesays.com\/fr\/wp-json\/wp\/v2\/posts"}],"about":[{"href":"https:\/\/www.europesays.com\/fr\/wp-json\/wp\/v2\/types\/post"}],"author":[{"embeddable":true,"href":"https:\/\/www.europesays.com\/fr\/wp-json\/wp\/v2\/users\/2"}],"replies":[{"embeddable":true,"href":"https:\/\/www.europesays.com\/fr\/wp-json\/wp\/v2\/comments?post=535880"}],"version-history":[{"count":0,"href":"https:\/\/www.europesays.com\/fr\/wp-json\/wp\/v2\/posts\/535880\/revisions"}],"wp:featuredmedia":[{"embeddable":true,"href":"https:\/\/www.europesays.com\/fr\/wp-json\/wp\/v2\/media\/535881"}],"wp:attachment":[{"href":"https:\/\/www.europesays.com\/fr\/wp-json\/wp\/v2\/media?parent=535880"}],"wp:term":[{"taxonomy":"category","embeddable":true,"href":"https:\/\/www.europesays.com\/fr\/wp-json\/wp\/v2\/categories?post=535880"},{"taxonomy":"post_tag","embeddable":true,"href":"https:\/\/www.europesays.com\/fr\/wp-json\/wp\/v2\/tags?post=535880"}],"curies":[{"name":"wp","href":"https:\/\/api.w.org\/{rel}","templated":true}]}}